{"id":58626,"date":"2026-04-27T11:15:07","date_gmt":"2026-04-27T11:15:07","guid":{"rendered":"https:\/\/helpers.hu\/egyeb\/hungary-to-strengthen-ties-with-the-eu\/"},"modified":"2026-04-27T11:15:07","modified_gmt":"2026-04-27T11:15:07","slug":"hungary-to-strengthen-ties-with-the-eu","status":"publish","type":"post","link":"https:\/\/helpers.hu\/hu\/cegalapitas\/hungary-to-strengthen-ties-with-the-eu\/","title":{"rendered":"Hungary to strengthen ties with the EU"},"content":{"rendered":"\n<h2 class=\"wp-block-heading\">TISZA Party wins the elections<\/h2>\n\n\n\n<p>TISZA Party won the <a href=\"https:\/\/helpers.hu\/hu\/tartozkodasi-engedely\/election-results-in-hungary-what-to-expect-from-a-tisza-government\/\" target=\"_blank\" rel=\"noreferrer noopener\">2026 general elections in Hungary<\/a> with a landslide, and they are busily preparing for the <strong>first meeting of the new Assembly<\/strong> and the formation of the government. The first is expected <strong>before May 12<\/strong>, and the second before the end of May. Nominees for ministerial positions are being announced, and the <strong>new government will have seasoned experts in their respective fields<\/strong> among its ministers.<\/p>\n\n\n\n<h2 class=\"wp-block-heading\">Hungary stays in the EU<\/h2>\n\n\n\n<p>One of the most important promises of the TISZA campaign was to <strong>strengthen ties with the EU <\/strong>and Western allies. P\u00e9ter Magyar (head of TISZA Party and PM to be) emphasized Hungary\u2019s commitment to staying in the European Union and working more closely with EU institutions, such as EPPO (European Public Prosecutor\u2019s Office). Campaign promises also included a restructuring of institutions that would improve checks and balances in Hungary, which is essential for EU funds to become available to Hungary again.<\/p>\n\n\n\n<p>Through the <a href=\"https:\/\/qubit.hu\/2026\/04\/19\/a-tisza-ketharmados-gyozelme-jelentosen-csokkentette-magyarorszag-kockazati-felarat\" target=\"_blank\" rel=\"noreferrer noopener\">reduction of the risk<\/a> of Hungary leaving the EU, Hungary has also reduced the risk of investment in Hungary, relevant for both EU and non-EU based parent companies.<\/p>\n\n\n\n<h2 class=\"wp-block-heading\">EUR to become the official currency of Hungary<\/h2>\n\n\n\n<p>The introduction of the euro was another important promise of the campaign. <a href=\"https:\/\/www.portfolio.hu\/gazdasag\/20260422\/ha-bejon-magyar-peterek-mesterterve-akkor-ezt-receptre-irjak-majd-fel-minden-orszagnak-831980\" target=\"_blank\" rel=\"noreferrer noopener\">There is a long way to go<\/a>, but P\u00e9ter Magyar said that a date in <strong>2031 or 2032 seems realistic<\/strong>. Andr\u00e1s K\u00e1rm\u00e1n, Minister of Finance to-be added that Hungary might be able to meet the conditions as early as 2030. Reducing the national debt from 5.5% to 3% of GDP seems feasible on that timeline, even if it requires strict budgetary discipline. Additionally, the introduction of EUR enjoys <a href=\"https:\/\/europa.eu\/eurobarometer\/surveys\/detail\/3632\" target=\"_blank\" rel=\"noreferrer noopener\">broad public support<\/a> in Hungary, the broadest in the region.<\/p>\n\n\n\n<p>The introduction of the common European currency will also require a change to the <a href=\"https:\/\/njt.hu\/jogszabaly\/2011-4301-02-00\" target=\"_blank\" rel=\"noreferrer noopener\"><strong>Constitution of Hungary<\/strong><\/a>, which currently includes a reference to the official currency, which is the Hungarian Forint \u2013 for now. However, the <strong>two-thirds supermajority<\/strong> of the TISZA government will allow them the power required to make that change.<\/p>\n\n\n\n<h2 class=\"wp-block-heading\">Positive international feedback<\/h2>\n\n\n\n<p>International markets have reacted positively to the election results and to the prospect of Hungary strengthening ties with the EU. The <strong>EUR exchange rate<\/strong> has been steadily <a href=\"https:\/\/www.portfolio.hu\/arfolyam\/EURHUF\/EUR-HUF\" target=\"_blank\" rel=\"noreferrer noopener\">under HUF 370<\/a> since the elections, and it is expected to reach as low as <a href=\"https:\/\/www.portfolio.hu\/gazdasag\/20260424\/bemondtak-az-elemzok-johet-a-350-es-euroarfolyam-832660\" target=\"_blank\" rel=\"noreferrer noopener\">HUF 350 by the end of Q2<\/a>. At the same time, demand has increased for <a href=\"https:\/\/www.portfolio.hu\/gazdasag\/20260422\/ha-bejon-magyar-peterek-mesterterve-akkor-ezt-receptre-irjak-majd-fel-minden-orszagnak-831980\" target=\"_blank\" rel=\"noreferrer noopener\">Hungarian government bonds<\/a>, which reflects increased trust. The <a href=\"https:\/\/www.portfolio.hu\/befektetes\/20260415\/belezugott-magyarorszagba-a-piac-meddig-tartanak-a-mezeshetek-830744\" target=\"_blank\" rel=\"noreferrer noopener\">market expects<\/a> a more market friendly and <strong>more predictable economic policy<\/strong> from the new government, while future restructurings promise a more competitive business environment (while the 9% corporate tax that is the lowest is the EU is expected to stay in place). <strong>Once the TISZA government comes into power, we will see how they will manage to <\/strong><a href=\"https:\/\/qubit.hu\/2026\/04\/19\/a-tisza-ketharmados-gyozelme-jelentosen-csokkentette-magyarorszag-kockazati-felarat\" target=\"_blank\" rel=\"noreferrer noopener\">strike a balance<\/a><strong> between budgetary discipline and measures that could stimulate economic growth.<\/strong><\/p>\n\n\n\n<h2 class=\"wp-block-heading\">Hungary becoming more attractive<\/h2>\n\n\n\n<p>The electoral promises of <strong>strengthening ties with the EU and introducing EUR in the not-too-distant future <\/strong>are already improving Hungary\u2019s risk ratings, reflected in foreign exchange rates and on market of government securities. Once the new government comes into power, practical measures are expected to <strong>make Hungary an even more favorable business environment<\/strong>.<\/p>\n\n\n\n<p>As a result, now is a really good time to start your new Hungarian business. Take advantage of the low corporate tax and the excellent prospects. If you need help with <a href=\"https:\/\/helpers.hu\/hu\/services\/business\/\" target=\"_blank\" rel=\"noreferrer noopener\">business setup<\/a> and <a href=\"https:\/\/helpers.hu\/hu\/services\/immigration\/\" target=\"_blank\" rel=\"noreferrer noopener\">residency application<\/a>, you can count on the expertise and local know-how of Helpers Hungary, with 20 years of experience and a committed team.<\/p>\n\n\n\n<div class=\"wp-block-buttons is-content-justification-center is-layout-flex wp-container-core-buttons-is-layout-16018d1d wp-block-buttons-is-layout-flex\">\n<div class=\"wp-block-button\"><a class=\"wp-block-button__link wp-element-button\" href=\"#contact-section\">Can we help you? Contact us now.<\/a><\/div>\n<\/div>\n\n\n\n<p>Did you like this article? Follow us on <a href=\"https:\/\/www.facebook.com\/helpershungary\/\" target=\"_blank\" rel=\"noreferrer noopener\">Facebook<\/a> to never miss an update, or sign up for our monthly newsletter.<\/p>\n\n\n\n<div class=\"wp-block-buttons is-content-justification-center is-layout-flex wp-container-core-buttons-is-layout-16018d1d wp-block-buttons-is-layout-flex\">\n<div class=\"wp-block-button\"><a class=\"wp-block-button__link wp-element-button\" href=\"https:\/\/helpers.hu\/newsletter-signup?utm_source=helpersblog\" target=\"_blank\" rel=\"noreferrer noopener\">Sign up here<\/a><\/div>\n<\/div>\n\n\n\n<p><\/p>\n\n\n<span class=\"anchor-link\" id=\"faq-section\"><\/span>\n<div class=\"faq-block\">\n\n\t\n\t\n\t<div class=\"container\">\n\n\t\t\t\t\t<h2 class=\"services__title section-title\">Frequently Asked Questions<\/h2>\n\t\t\n\t\t\n\t\t\t\n\t\t\t\t<div class=\"faq-block__question-wrapper\">\n\n\t\t\t\t\t<div class=\"faq-block__icon-wrapper\">\n\n\t\t\t\t\t\t\n\t\t\t\t\t\t\t<div class=\"faq-block__question\">Will Hungary stay in the EU?<\/div>\n\n\t\t\t\t\t\t\n\t\t\t\t\t\t<div class=\"faq-block__icon\">\n\n\t\t\t\t\t\t\t<div class=\"faq-block__icon faq-block__icon--line1\"><\/div>\n\n\t\t\t\t\t\t\t<div class=\"faq-block__icon faq-block__icon--line2\"><\/div>\n\n\t\t\t\t\t\t<\/div>\n\n\t\t\t\t\t<\/div>\n\n\t\t\t\t\t\n\t\t\t\t\t\t<div class=\"faq-block__answer direction\"><p>Yes, Hungary will stay in the EU. In fact, public support for both EU membership and the introduction of EUR is quite high in Hungary compared to the regional average.<\/p>\n<\/div>\n\n\t\t\t\t\t\n\t\t\t\t<\/div>\n\n\t\t\t\n\t\t\t\t<div class=\"faq-block__question-wrapper\">\n\n\t\t\t\t\t<div class=\"faq-block__icon-wrapper\">\n\n\t\t\t\t\t\t\n\t\t\t\t\t\t\t<div class=\"faq-block__question\">When will the euro be introduced in Hungary?<\/div>\n\n\t\t\t\t\t\t\n\t\t\t\t\t\t<div class=\"faq-block__icon\">\n\n\t\t\t\t\t\t\t<div class=\"faq-block__icon faq-block__icon--line1\"><\/div>\n\n\t\t\t\t\t\t\t<div class=\"faq-block__icon faq-block__icon--line2\"><\/div>\n\n\t\t\t\t\t\t<\/div>\n\n\t\t\t\t\t<\/div>\n\n\t\t\t\t\t\n\t\t\t\t\t\t<div class=\"faq-block__answer direction\"><p>There is no established date just yet. According to P\u00e9ter Magyar PM-to-be, EUR might be introduced in Hungary as early as 2031 or 2032.<\/p>\n<\/div>\n\n\t\t\t\t\t\n\t\t\t\t<\/div>\n\n\t\t\t\n\t\t\t\t<div class=\"faq-block__question-wrapper\">\n\n\t\t\t\t\t<div class=\"faq-block__icon-wrapper\">\n\n\t\t\t\t\t\t\n\t\t\t\t\t\t\t<div class=\"faq-block__question\">What will change in Hungary after the elections?<\/div>\n\n\t\t\t\t\t\t\n\t\t\t\t\t\t<div class=\"faq-block__icon\">\n\n\t\t\t\t\t\t\t<div class=\"faq-block__icon faq-block__icon--line1\"><\/div>\n\n\t\t\t\t\t\t\t<div class=\"faq-block__icon faq-block__icon--line2\"><\/div>\n\n\t\t\t\t\t\t<\/div>\n\n\t\t\t\t\t<\/div>\n\n\t\t\t\t\t\n\t\t\t\t\t\t<div class=\"faq-block__answer direction\"><p>TISZA party promised to make the Hungarian business landscape more predictable and competitive. International markets are already responding positively to the impending changes. Helpers will provide updates about developments to the business environment in Hungary and any new regulations as they become known.<\/p>\n<\/div>\n\n\t\t\t\t\t\n\t\t\t\t<\/div>\n\n\t\t\t\n\t\t\n\t<\/div>\n\n<\/div>\n\n\n\n<p><\/p>\n","protected":false},"excerpt":{"rendered":"<p>With TISZA Party winning the last elections, Hungary is ready to strengthen ties with the EU, which will include working more closely with EU institutions, and which puts the introduction of EUR in the not-too-distant future. Markets have been reacting positively to the impending changes, making Hungary an even more attractive destination for business and investment.<\/p>\n","protected":false},"author":8,"featured_media":58569,"comment_status":"closed","ping_status":"closed","sticky":false,"template":"","format":"standard","meta":{"_acf_changed":false,"footnotes":""},"categories":[1112],"tags":[1026,1065,271],"class_list":["post-58626","post","type-post","status-publish","format-standard","has-post-thumbnail","hentry","category-cegalapitas","tag-business-hu","tag-corporate-tax-hu","tag-elemzes"],"yoast_head":"<!-- This site is optimized with the Yoast SEO plugin v27.3 - https:\/\/yoast.com\/product\/yoast-seo-wordpress\/ -->\n<title>Hungary to strengthen ties with the EU - Helpers Hungary<\/title>\n<meta name=\"robots\" content=\"index, follow, max-snippet:-1, max-image-preview:large, max-video-preview:-1\" \/>\n<link rel=\"canonical\" href=\"https:\/\/helpers.hu\/hu\/cegalapitas\/hungary-to-strengthen-ties-with-the-eu\/\" \/>\n<meta property=\"og:locale\" content=\"hu_HU\" \/>\n<meta property=\"og:type\" content=\"article\" \/>\n<meta property=\"og:title\" content=\"Hungary to strengthen ties with the EU - Helpers Hungary\" \/>\n<meta property=\"og:description\" content=\"With TISZA Party winning the last elections, Hungary is ready to strengthen ties with the EU, which will include working more closely with EU institutions, and which puts the introduction of EUR in the not-too-distant future. Markets have been reacting positively to the impending changes, making Hungary an even more attractive destination for business and investment.\" \/>\n<meta property=\"og:url\" content=\"https:\/\/helpers.hu\/hu\/cegalapitas\/hungary-to-strengthen-ties-with-the-eu\/\" \/>\n<meta property=\"og:site_name\" content=\"Helpers Hungary\" \/>\n<meta property=\"article:published_time\" content=\"2026-04-27T11:15:07+00:00\" \/>\n<meta name=\"author\" content=\"Zsuzsanna Sarkadi\" \/>\n<meta name=\"twitter:card\" content=\"summary_large_image\" \/>\n<meta name=\"twitter:label1\" content=\"Szerz\u0151:\" \/>\n\t<meta name=\"twitter:data1\" content=\"Zsuzsanna Sarkadi\" \/>\n\t<meta name=\"twitter:label2\" content=\"Becs\u00fclt olvas\u00e1si id\u0151\" \/>\n\t<meta name=\"twitter:data2\" content=\"3 perc\" \/>\n<script type=\"application\/ld+json\" class=\"yoast-schema-graph\">{\"@context\":\"https:\\\/\\\/schema.org\",\"@graph\":[{\"@type\":\"Article\",\"@id\":\"https:\\\/\\\/helpers.hu\\\/hu\\\/cegalapitas\\\/hungary-to-strengthen-ties-with-the-eu\\\/#article\",\"isPartOf\":{\"@id\":\"https:\\\/\\\/helpers.hu\\\/hu\\\/cegalapitas\\\/hungary-to-strengthen-ties-with-the-eu\\\/\"},\"author\":{\"name\":\"Zsuzsanna Sarkadi\",\"@id\":\"https:\\\/\\\/helpers.hu\\\/hu\\\/#\\\/schema\\\/person\\\/fc09f026b6e83bc10438afa6de5bd51e\"},\"headline\":\"Hungary to strengthen ties with the EU\",\"datePublished\":\"2026-04-27T11:15:07+00:00\",\"mainEntityOfPage\":{\"@id\":\"https:\\\/\\\/helpers.hu\\\/hu\\\/cegalapitas\\\/hungary-to-strengthen-ties-with-the-eu\\\/\"},\"wordCount\":625,\"image\":{\"@id\":\"https:\\\/\\\/helpers.hu\\\/hu\\\/cegalapitas\\\/hungary-to-strengthen-ties-with-the-eu\\\/#primaryimage\"},\"thumbnailUrl\":\"https:\\\/\\\/helpers.hu\\\/wp-content\\\/uploads\\\/2026\\\/04\\\/hungary-strengthen-ties-with-the-eu-2026.jpg\",\"keywords\":[\"Business\",\"Corporate Tax\",\"Elemz\u00e9s\"],\"articleSection\":[\"C\u00e9galap\u00edt\u00e1s\"],\"inLanguage\":\"hu\"},{\"@type\":\"WebPage\",\"@id\":\"https:\\\/\\\/helpers.hu\\\/hu\\\/cegalapitas\\\/hungary-to-strengthen-ties-with-the-eu\\\/\",\"url\":\"https:\\\/\\\/helpers.hu\\\/hu\\\/cegalapitas\\\/hungary-to-strengthen-ties-with-the-eu\\\/\",\"name\":\"Hungary to strengthen ties with the EU - Helpers Hungary\",\"isPartOf\":{\"@id\":\"https:\\\/\\\/helpers.hu\\\/hu\\\/#website\"},\"primaryImageOfPage\":{\"@id\":\"https:\\\/\\\/helpers.hu\\\/hu\\\/cegalapitas\\\/hungary-to-strengthen-ties-with-the-eu\\\/#primaryimage\"},\"image\":{\"@id\":\"https:\\\/\\\/helpers.hu\\\/hu\\\/cegalapitas\\\/hungary-to-strengthen-ties-with-the-eu\\\/#primaryimage\"},\"thumbnailUrl\":\"https:\\\/\\\/helpers.hu\\\/wp-content\\\/uploads\\\/2026\\\/04\\\/hungary-strengthen-ties-with-the-eu-2026.jpg\",\"datePublished\":\"2026-04-27T11:15:07+00:00\",\"author\":{\"@id\":\"https:\\\/\\\/helpers.hu\\\/hu\\\/#\\\/schema\\\/person\\\/fc09f026b6e83bc10438afa6de5bd51e\"},\"breadcrumb\":{\"@id\":\"https:\\\/\\\/helpers.hu\\\/hu\\\/cegalapitas\\\/hungary-to-strengthen-ties-with-the-eu\\\/#breadcrumb\"},\"inLanguage\":\"hu\",\"potentialAction\":[{\"@type\":\"ReadAction\",\"target\":[\"https:\\\/\\\/helpers.hu\\\/hu\\\/cegalapitas\\\/hungary-to-strengthen-ties-with-the-eu\\\/\"]}]},{\"@type\":\"ImageObject\",\"inLanguage\":\"hu\",\"@id\":\"https:\\\/\\\/helpers.hu\\\/hu\\\/cegalapitas\\\/hungary-to-strengthen-ties-with-the-eu\\\/#primaryimage\",\"url\":\"https:\\\/\\\/helpers.hu\\\/wp-content\\\/uploads\\\/2026\\\/04\\\/hungary-strengthen-ties-with-the-eu-2026.jpg\",\"contentUrl\":\"https:\\\/\\\/helpers.hu\\\/wp-content\\\/uploads\\\/2026\\\/04\\\/hungary-strengthen-ties-with-the-eu-2026.jpg\",\"width\":600,\"height\":600,\"caption\":\"Hungary to strengthen ties with the EU\"},{\"@type\":\"BreadcrumbList\",\"@id\":\"https:\\\/\\\/helpers.hu\\\/hu\\\/cegalapitas\\\/hungary-to-strengthen-ties-with-the-eu\\\/#breadcrumb\",\"itemListElement\":[{\"@type\":\"ListItem\",\"position\":1,\"name\":\"Home\",\"item\":\"https:\\\/\\\/helpers.hu\\\/hu\\\/\"},{\"@type\":\"ListItem\",\"position\":2,\"name\":\"Hungary to strengthen ties with the EU\"}]},{\"@type\":\"WebSite\",\"@id\":\"https:\\\/\\\/helpers.hu\\\/hu\\\/#website\",\"url\":\"https:\\\/\\\/helpers.hu\\\/hu\\\/\",\"name\":\"Helpers Hungary\",\"description\":\"\",\"potentialAction\":[{\"@type\":\"SearchAction\",\"target\":{\"@type\":\"EntryPoint\",\"urlTemplate\":\"https:\\\/\\\/helpers.hu\\\/hu\\\/?s={search_term_string}\"},\"query-input\":{\"@type\":\"PropertyValueSpecification\",\"valueRequired\":true,\"valueName\":\"search_term_string\"}}],\"inLanguage\":\"hu\"},{\"@type\":\"Person\",\"@id\":\"https:\\\/\\\/helpers.hu\\\/hu\\\/#\\\/schema\\\/person\\\/fc09f026b6e83bc10438afa6de5bd51e\",\"name\":\"Zsuzsanna Sarkadi\",\"image\":{\"@type\":\"ImageObject\",\"inLanguage\":\"hu\",\"@id\":\"https:\\\/\\\/secure.gravatar.com\\\/avatar\\\/8cb74274ce99c3e200c1b55bf4a1b75827971a591b54f9e81b0b537a5a4c9ed7?s=96&d=mm&r=g\",\"url\":\"https:\\\/\\\/secure.gravatar.com\\\/avatar\\\/8cb74274ce99c3e200c1b55bf4a1b75827971a591b54f9e81b0b537a5a4c9ed7?s=96&d=mm&r=g\",\"contentUrl\":\"https:\\\/\\\/secure.gravatar.com\\\/avatar\\\/8cb74274ce99c3e200c1b55bf4a1b75827971a591b54f9e81b0b537a5a4c9ed7?s=96&d=mm&r=g\",\"caption\":\"Zsuzsanna Sarkadi\"}}]}<\/script>\n<!-- \/ Yoast SEO plugin. -->","yoast_head_json":{"title":"Hungary to strengthen ties with the EU - Helpers Hungary","robots":{"index":"index","follow":"follow","max-snippet":"max-snippet:-1","max-image-preview":"max-image-preview:large","max-video-preview":"max-video-preview:-1"},"canonical":"https:\/\/helpers.hu\/hu\/cegalapitas\/hungary-to-strengthen-ties-with-the-eu\/","og_locale":"hu_HU","og_type":"article","og_title":"Hungary to strengthen ties with the EU - Helpers Hungary","og_description":"With TISZA Party winning the last elections, Hungary is ready to strengthen ties with the EU, which will include working more closely with EU institutions, and which puts the introduction of EUR in the not-too-distant future. Markets have been reacting positively to the impending changes, making Hungary an even more attractive destination for business and investment.","og_url":"https:\/\/helpers.hu\/hu\/cegalapitas\/hungary-to-strengthen-ties-with-the-eu\/","og_site_name":"Helpers Hungary","article_published_time":"2026-04-27T11:15:07+00:00","author":"Zsuzsanna Sarkadi","twitter_card":"summary_large_image","twitter_misc":{"Szerz\u0151:":"Zsuzsanna Sarkadi","Becs\u00fclt olvas\u00e1si id\u0151":"3 perc"},"schema":{"@context":"https:\/\/schema.org","@graph":[{"@type":"Article","@id":"https:\/\/helpers.hu\/hu\/cegalapitas\/hungary-to-strengthen-ties-with-the-eu\/#article","isPartOf":{"@id":"https:\/\/helpers.hu\/hu\/cegalapitas\/hungary-to-strengthen-ties-with-the-eu\/"},"author":{"name":"Zsuzsanna Sarkadi","@id":"https:\/\/helpers.hu\/hu\/#\/schema\/person\/fc09f026b6e83bc10438afa6de5bd51e"},"headline":"Hungary to strengthen ties with the EU","datePublished":"2026-04-27T11:15:07+00:00","mainEntityOfPage":{"@id":"https:\/\/helpers.hu\/hu\/cegalapitas\/hungary-to-strengthen-ties-with-the-eu\/"},"wordCount":625,"image":{"@id":"https:\/\/helpers.hu\/hu\/cegalapitas\/hungary-to-strengthen-ties-with-the-eu\/#primaryimage"},"thumbnailUrl":"https:\/\/helpers.hu\/wp-content\/uploads\/2026\/04\/hungary-strengthen-ties-with-the-eu-2026.jpg","keywords":["Business","Corporate Tax","Elemz\u00e9s"],"articleSection":["C\u00e9galap\u00edt\u00e1s"],"inLanguage":"hu"},{"@type":"WebPage","@id":"https:\/\/helpers.hu\/hu\/cegalapitas\/hungary-to-strengthen-ties-with-the-eu\/","url":"https:\/\/helpers.hu\/hu\/cegalapitas\/hungary-to-strengthen-ties-with-the-eu\/","name":"Hungary to strengthen ties with the EU - Helpers Hungary","isPartOf":{"@id":"https:\/\/helpers.hu\/hu\/#website"},"primaryImageOfPage":{"@id":"https:\/\/helpers.hu\/hu\/cegalapitas\/hungary-to-strengthen-ties-with-the-eu\/#primaryimage"},"image":{"@id":"https:\/\/helpers.hu\/hu\/cegalapitas\/hungary-to-strengthen-ties-with-the-eu\/#primaryimage"},"thumbnailUrl":"https:\/\/helpers.hu\/wp-content\/uploads\/2026\/04\/hungary-strengthen-ties-with-the-eu-2026.jpg","datePublished":"2026-04-27T11:15:07+00:00","author":{"@id":"https:\/\/helpers.hu\/hu\/#\/schema\/person\/fc09f026b6e83bc10438afa6de5bd51e"},"breadcrumb":{"@id":"https:\/\/helpers.hu\/hu\/cegalapitas\/hungary-to-strengthen-ties-with-the-eu\/#breadcrumb"},"inLanguage":"hu","potentialAction":[{"@type":"ReadAction","target":["https:\/\/helpers.hu\/hu\/cegalapitas\/hungary-to-strengthen-ties-with-the-eu\/"]}]},{"@type":"ImageObject","inLanguage":"hu","@id":"https:\/\/helpers.hu\/hu\/cegalapitas\/hungary-to-strengthen-ties-with-the-eu\/#primaryimage","url":"https:\/\/helpers.hu\/wp-content\/uploads\/2026\/04\/hungary-strengthen-ties-with-the-eu-2026.jpg","contentUrl":"https:\/\/helpers.hu\/wp-content\/uploads\/2026\/04\/hungary-strengthen-ties-with-the-eu-2026.jpg","width":600,"height":600,"caption":"Hungary to strengthen ties with the EU"},{"@type":"BreadcrumbList","@id":"https:\/\/helpers.hu\/hu\/cegalapitas\/hungary-to-strengthen-ties-with-the-eu\/#breadcrumb","itemListElement":[{"@type":"ListItem","position":1,"name":"Home","item":"https:\/\/helpers.hu\/hu\/"},{"@type":"ListItem","position":2,"name":"Hungary to strengthen ties with the EU"}]},{"@type":"WebSite","@id":"https:\/\/helpers.hu\/hu\/#website","url":"https:\/\/helpers.hu\/hu\/","name":"Helpers Hungary","description":"","potentialAction":[{"@type":"SearchAction","target":{"@type":"EntryPoint","urlTemplate":"https:\/\/helpers.hu\/hu\/?s={search_term_string}"},"query-input":{"@type":"PropertyValueSpecification","valueRequired":true,"valueName":"search_term_string"}}],"inLanguage":"hu"},{"@type":"Person","@id":"https:\/\/helpers.hu\/hu\/#\/schema\/person\/fc09f026b6e83bc10438afa6de5bd51e","name":"Zsuzsanna Sarkadi","image":{"@type":"ImageObject","inLanguage":"hu","@id":"https:\/\/secure.gravatar.com\/avatar\/8cb74274ce99c3e200c1b55bf4a1b75827971a591b54f9e81b0b537a5a4c9ed7?s=96&d=mm&r=g","url":"https:\/\/secure.gravatar.com\/avatar\/8cb74274ce99c3e200c1b55bf4a1b75827971a591b54f9e81b0b537a5a4c9ed7?s=96&d=mm&r=g","contentUrl":"https:\/\/secure.gravatar.com\/avatar\/8cb74274ce99c3e200c1b55bf4a1b75827971a591b54f9e81b0b537a5a4c9ed7?s=96&d=mm&r=g","caption":"Zsuzsanna Sarkadi"}}]}},"acf":[],"_links":{"self":[{"href":"https:\/\/helpers.hu\/hu\/wp-json\/wp\/v2\/posts\/58626","targetHints":{"allow":["GET"]}}],"collection":[{"href":"https:\/\/helpers.hu\/hu\/wp-json\/wp\/v2\/posts"}],"about":[{"href":"https:\/\/helpers.hu\/hu\/wp-json\/wp\/v2\/types\/post"}],"author":[{"embeddable":true,"href":"https:\/\/helpers.hu\/hu\/wp-json\/wp\/v2\/users\/8"}],"replies":[{"embeddable":true,"href":"https:\/\/helpers.hu\/hu\/wp-json\/wp\/v2\/comments?post=58626"}],"version-history":[{"count":0,"href":"https:\/\/helpers.hu\/hu\/wp-json\/wp\/v2\/posts\/58626\/revisions"}],"wp:featuredmedia":[{"embeddable":true,"href":"https:\/\/helpers.hu\/hu\/wp-json\/wp\/v2\/media\/58569"}],"wp:attachment":[{"href":"https:\/\/helpers.hu\/hu\/wp-json\/wp\/v2\/media?parent=58626"}],"wp:term":[{"taxonomy":"category","embeddable":true,"href":"https:\/\/helpers.hu\/hu\/wp-json\/wp\/v2\/categories?post=58626"},{"taxonomy":"post_tag","embeddable":true,"href":"https:\/\/helpers.hu\/hu\/wp-json\/wp\/v2\/tags?post=58626"}],"curies":[{"name":"wp","href":"https:\/\/api.w.org\/{rel}","templated":true}]}}