{"id":58597,"date":"2026-04-15T08:19:58","date_gmt":"2026-04-15T08:19:58","guid":{"rendered":"https:\/\/helpers.hu\/diger\/election-results-in-hungary-what-to-expect-from-a-tisza-government\/"},"modified":"2026-04-28T08:54:06","modified_gmt":"2026-04-28T08:54:06","slug":"macaristan-da-secim-sonuclari-tisza-hukumetinden-ne-beklenmeli","status":"publish","type":"post","link":"https:\/\/helpers.hu\/tr\/macaristan-vatandasligi\/macaristan-da-secim-sonuclari-tisza-hukumetinden-ne-beklenmeli\/","title":{"rendered":"Macaristan\u2019da Se\u00e7im Sonu\u00e7lar\u0131: TISZA H\u00fck\u00fcmetinden Ne Beklenmeli?"},"content":{"rendered":"\n<h2 class=\"wp-block-heading\">\u015eu anda ne oluyor?<\/h2>\n\n\n\n<p>Say\u0131m sonu\u00e7lar\u0131na g\u00f6re <strong>TISZA (Sayg\u0131 ve \u00d6zg\u00fcrl\u00fck Partisi),<\/strong> 2026 <a href=\"https:\/\/hvg.hu\/valasztas-2026\" target=\"_blank\" rel=\"noreferrer noopener\">genel se\u00e7imlerinde b\u00fcy\u00fck fark yaratarak<\/a>, parlamentodaki 199 sandalyenin 138\u2019ini kazanarak <strong>\u00fc\u00e7te iki \u00e7o\u011funlu\u011fu elde etti<\/strong> (baz\u0131 b\u00f6lgelerde say\u0131m s\u00fcre\u00e7leri devam etmektedir). Bu \u00e7o\u011funluk, yeni h\u00fck\u00fcmete yaln\u0131zca yasa \u00e7\u0131karmak de\u011fil, ayn\u0131 zamanda anayasa de\u011fi\u015fiklikleri de dahil olmak \u00fczere kapsaml\u0131 reformlar yapma imk\u00e2n\u0131 tan\u0131maktad\u0131r. Ayr\u0131ca kamu kurumlar\u0131nda daha geni\u015f kapsaml\u0131 yap\u0131sal de\u011fi\u015fiklikler de g\u00fcndeme gelebilir.<\/p>\n\n\n\n<p>Bununla birlikte, de\u011fi\u015fikliklerin bir gecede ger\u00e7ekle\u015fmesi beklenmemelidir. Mevcut h\u00fck\u00fcmet h\u00e2len g\u00f6revde olup, parlamentonun toplanmas\u0131na kadar <strong>ge\u00e7ici (caretaker) h\u00fck\u00fcmet<\/strong> olarak <strong>s\u0131n\u0131rl\u0131 yetkilerle<\/strong> g\u00f6revine devam edecektir. Yeni parlamentonun ilk oturumunun 12 May\u0131s\u2019tan \u00f6nce yap\u0131lmas\u0131 beklenmekte olup; <a href=\"https:\/\/www.parlament.hu\/a-kepviselovalasztas-kituzesetol-a-akormanyalalkitasig\" target=\"_blank\" rel=\"noreferrer noopener\">ge\u00e7mi\u015f tecr\u00fcbelere dayanarak<\/a>, yeni h\u00fck\u00fcmetin <strong>May\u0131s ay\u0131 sonuna do\u011fru<\/strong> kurulmas\u0131 beklenmektedir.<\/p>\n\n\n\n<h2 class=\"wp-block-heading\">TISZA h\u00fck\u00fcmeti alt\u0131nda beklentiler<\/h2>\n\n\n\n<p>TISZA\u2019n\u0131n se\u00e7im kampanyas\u0131n\u0131n temel unsurlar\u0131ndan biri <strong>Avrupa Birli\u011fi ile ili\u015fkilerin g\u00fc\u00e7lendirilmesidir<\/strong>. Bu, AB mevzuat\u0131na daha <strong>y\u00fcksek d\u00fczeyde uyum sa\u011flanmas\u0131n\u0131<\/strong>, denge ve denetim mekanizmalar\u0131n\u0131n geli\u015ftirilmesini ve Avrupa Kamu Savc\u0131l\u0131\u011f\u0131 Ofisi\u2019ne (EPPO) kat\u0131l\u0131m\u0131 i\u00e7ermektedir. Bu kat\u0131l\u0131m ayn\u0131 zamanda AB fonlar\u0131na eri\u015fim i\u00e7in bir \u00f6n ko\u015fuldur. T\u00fcm bu geli\u015fmeler, <strong>istikrar\u0131 ve \u00f6ng\u00f6r\u00fclebilirli\u011fi art\u0131rarak<\/strong> Macaristan\u2019\u0131 i\u015f d\u00fcnyas\u0131 a\u00e7\u0131s\u0131ndan daha cazip h\u00e2le getirecektir.<\/p>\n\n\n\n<p>TISZA h\u00fck\u00fcmeti alt\u0131nda gelecekte beklenen iyile\u015fmelere duyulan g\u00fcven, serbest piyasaya \u015fimdiden yans\u0131m\u0131\u015f durumdad\u0131r. <strong>Euro kuru 370 HUF seviyesinin alt\u0131na gerilemi\u015ftir<\/strong> (<a href=\"https:\/\/www.portfolio.hu\/arfolyam\/EURHUF\/EUR-HUF\" target=\"_blank\" rel=\"noreferrer noopener\">son 6 ayda<\/a> 380\u2013390 aral\u0131\u011f\u0131nda seyretmekteydi) ve ABD dolar\u0131 yakla\u015f\u0131k 310 HUF seviyesine <a href=\"https:\/\/www.portfolio.hu\/arfolyam\/USDHUF\/USD-HUF\" target=\"_blank\" rel=\"noreferrer noopener\">d\u00fc\u015fm\u00fc\u015ft\u00fcr<\/a> (\u00f6nceki 320+ seviyelerinden). Bu durum ithalat a\u00e7\u0131s\u0131ndan olumlu olmakla birlikte, gelirini yabanc\u0131 para biriminde elde edip vergi ve di\u011fer giderlerini HUF \u00fczerinden \u00f6deyen ki\u015filer i\u00e7in ideal olmayabilir. <a href=\"https:\/\/444.hu\/2026\/04\/13\/hatalmas-zuhanassal-kezdtek-a-tozsdei-ner-cegek-a-napot-tortenelmi-csucson-az-otp-es-a-mol-arfolyama\" target=\"_blank\" rel=\"noreferrer noopener\">Budape\u015fte Borsas\u0131\u2019nda<\/a> da <strong>\u00f6nde gelen b\u00fcy\u00fck \u00f6l\u00e7ekli \u015firketler \u00f6nemli bir b\u00fcy\u00fcme kaydetmi\u015ftir<\/strong>. OTP hisseleri a\u00e7\u0131l\u0131\u015f\u0131n hemen ard\u0131ndan %4 oran\u0131nda, MOL hisseleri ise %3,6 oran\u0131nda artarak her ikisi de yeni rekor seviyelere ula\u015fm\u0131\u015ft\u0131r. Ayn\u0131 zamanda, g\u00f6revden ayr\u0131lan y\u00f6netimle ba\u011flant\u0131l\u0131 \u015firketlerde g\u00f6zle g\u00f6r\u00fcl\u00fcr bir gerileme ya\u015fanm\u0131\u015ft\u0131r. <strong>Macar Bankalar Birli\u011fi<\/strong> de yay\u0131mlad\u0131\u011f\u0131 <a href=\"https:\/\/www.bankszovetseg.hu\/hirek-aktualitasok.cshtml?lang=hun&amp;hirId=176\" target=\"_blank\" rel=\"noreferrer noopener\">bas\u0131n a\u00e7\u0131klamas\u0131nda<\/a> yeni bir \u00f6ng\u00f6r\u00fclebilirlik ve b\u00fcy\u00fcme d\u00f6nemini memnuniyetle kar\u015f\u0131lad\u0131\u011f\u0131n\u0131 ifade etmi\u015ftir.<\/p>\n\n\n\n<h2 class=\"wp-block-heading\">TISZA h\u00fck\u00fcmeti alt\u0131nda Macaristan\u2019a g\u00f6\u00e7<\/h2>\n\n\n\n<p><a href=\"https:\/\/magyartisza.hu\/program\" target=\"_blank\" rel=\"noreferrer noopener\">TISZA Partisi\u2019nin program\u0131nda<\/a> <strong>g\u00f6\u00e7 konusuna s\u0131n\u0131rl\u0131 \u00f6l\u00e7\u00fcde de\u011finilmekte<\/strong> olup, a\u011f\u0131rl\u0131kl\u0131 olarak yasa d\u0131\u015f\u0131 g\u00f6\u00e7le m\u00fccadele ve <strong>\u015feffafl\u0131k eksikli\u011finin,<\/strong> <strong>AB g\u00fcvenli\u011fi<\/strong> a\u00e7\u0131s\u0131ndan risk olu\u015fturdu\u011fu g\u00f6\u00e7 t\u00fcrlerinin k\u0131s\u0131tlanmas\u0131 ele al\u0131nmaktad\u0131r. Bunun en \u00f6nemli \u00f6rne\u011fi, b\u00fcy\u00fck \u00f6l\u00e7ekli projelerde \u00e7al\u0131\u015fan i\u015f\u00e7ilere toplu olarak verilen \u201c<a href=\"https:\/\/helpers.hu\/work-permit\/what-is-the-difference-between-the-guest-worker-permit-and-regular-work-permits\/\" target=\"_blank\" rel=\"noreferrer noopener\"><strong>misafir i\u015f\u00e7i izni<\/strong><\/a>\u201ddir. Bu sistemde yer alan baz\u0131 payda\u015flar\u0131n \u00f6nceki h\u00fck\u00fcmetle ba\u011flant\u0131l\u0131 oldu\u011fu bilinmektedir. \u00c7al\u0131\u015fma, i\u015f kurma veya aile birle\u015fimi gibi <strong>di\u011fer oturum izinlerinden bahsedilmemektedir<\/strong>; dolay\u0131s\u0131yla bu alanlarda \u00f6nemli de\u011fi\u015fiklikler beklenmemektedir.<\/p>\n\n\n\n<p><strong>\u201c<\/strong><a href=\"https:\/\/helpers.hu\/tr\/services\/immigration\/golden-visa-hungary\/\" target=\"_blank\" rel=\"noreferrer noopener\"><strong>Alt\u0131n vize<\/strong><\/a><strong>\u201d<\/strong> veya misafir yat\u0131r\u0131mc\u0131 izni program\u0131 da g\u00fcndeme gelmektedir. Ge\u00e7mi\u015fte, ba\u015fvuru sahiplerine y\u00f6nelik g\u00fcvenlik incelemelerinin yeterlili\u011fi konusunda baz\u0131 endi\u015feler dile getirilmi\u015ftir. Ancak bu endi\u015felerin b\u00fcy\u00fck \u00f6l\u00e7\u00fcde yan\u0131lt\u0131c\u0131 bir bas\u0131n haberine dayand\u0131\u011f\u0131 ve sonras\u0131nda giderildi\u011fi g\u00f6r\u00fclm\u00fc\u015ft\u00fcr. Bununla birlikte, alt\u0131n vize program\u0131na ilgi duyuyorsan\u0131z, mevcut \u015fartlardan yararlanabilmek i\u00e7in <strong>ba\u015fvuru s\u00fcrecinizi \u00f6ne \u00e7ekmeyi de\u011ferlendirebilirsiniz<\/strong>.<\/p>\n\n\n\n<p>Her h\u00e2l\u00fck\u00e2rda, May\u0131s ay\u0131 sonuna do\u011fru kurulmas\u0131 beklenen <strong>yeni TISZA h\u00fck\u00fcmetinin g\u00fcndeminde \u00e7ok say\u0131da \u00f6nemli konu yer alacakt\u0131r<\/strong> ve g\u00f6\u00e7 politikalar\u0131n\u0131n ne \u00f6l\u00e7\u00fcde \u00f6nceliklendirilece\u011fi hen\u00fcz net de\u011fildir. Bununla birlikte, yeni h\u00fck\u00fcmetin \u00f6nceki d\u00f6nemde oldu\u011fu gibi ani y\u00fcr\u00fcrl\u00fc\u011fe giren d\u00fczenlemeler yerine, de\u011fi\u015fiklikler i\u00e7in ba\u015fvuru sahiplerine, dan\u0131\u015fmanlara ve ilgili kurumlara uyum sa\u011flayabilecekleri makul bir s\u00fcre tan\u0131mas\u0131 beklenmektedir.<\/p>\n\n\n\n<p>Son olarak, <strong>soy ba\u011f\u0131na dayal\u0131 vatanda\u015fl\u0131k ve genel olarak \u00e7ifte vatanda\u015fl\u0131k uygulamalar\u0131<\/strong> Macaristan\u2019da ge\u00e7erlili\u011fini korumaya devam etmektedir ve bu alanda \u00f6nemli bir de\u011fi\u015fiklik beklenmemektedir. Yeni h\u00fck\u00fcmetin, yurt d\u0131\u015f\u0131nda ya\u015fayan Macarlara y\u00f6nelik destek politikalar\u0131 ve geri d\u00f6n\u00fc\u015f\u00fc te\u015fvik eden planlar\u0131 da bu yakla\u015f\u0131m\u0131 desteklemektedir.<\/p>\n\n\n\n<h2 class=\"wp-block-heading\">G\u00fcncellemeler i\u00e7in bizi takip edin<\/h2>\n\n\n\n<p>Macaristan\u2019da ya\u015fayan, \u00e7al\u0131\u015fan veya i\u015f yapan yabanc\u0131lar\u0131 ilgilendiren geli\u015fmeleri yak\u0131ndan takip etmeye devam edece\u011fiz. Oturma izinlerine ili\u015fkin herhangi bir g\u00fcncelleme olmas\u0131 durumunda <strong>sizi bilgilendirerek planlar\u0131n\u0131z\u0131 buna g\u00f6re d\u00fczenlemenize yard\u0131mc\u0131 olaca\u011f\u0131z<\/strong>. De\u011fi\u015fiklikler duyurulsa dahi, genellikle y\u00fcr\u00fcrl\u00fc\u011fe girmeleri aylar al\u0131r; bu da gerekli ad\u0131mlar\u0131 atman\u0131z i\u00e7in yeterli zaman sa\u011flar.<\/p>\n\n\n\n<p>Helpers olarak, Macaristan\u2019da oturum izni ba\u015fvurular\u0131 ve \u015firket kurulu\u015fu alanlar\u0131nda 20 y\u0131l\u0131 a\u015fk\u0131n deneyime sahibiz. Avrupa\u2019da yeni bir i\u015f kurmak veya yeni bir ya\u015fam ba\u015flatmak istiyorsan\u0131z, 25\u2019ten fazla uzmandan olu\u015fan ekibimizin bilgi birikimi ve deste\u011fine g\u00fcvenebilirsiniz.<\/p>\n\n\n\n<div class=\"wp-block-buttons is-content-justification-center is-layout-flex wp-container-core-buttons-is-layout-16018d1d wp-block-buttons-is-layout-flex\">\n<div class=\"wp-block-button\"><a class=\"wp-block-button__link wp-element-button\" href=\"#contact-section\">Size yard\u0131mc\u0131 olabilir miyiz?<br>Hemen bizimle ileti\u015fime ge\u00e7in.<\/a><\/div>\n<\/div>\n\n\n\n<p>G\u00fcncel kalmak ister misiniz? Bizi <a href=\"https:\/\/www.facebook.com\/helpershungary\/\" target=\"_blank\" rel=\"noreferrer noopener\">Facebook<\/a>\u2019ta takip edin veya ayl\u0131k b\u00fcltenimize abone olun.<\/p>\n\n\n\n<div class=\"wp-block-buttons is-content-justification-center is-layout-flex wp-container-core-buttons-is-layout-16018d1d wp-block-buttons-is-layout-flex\">\n<div class=\"wp-block-button\"><a class=\"wp-block-button__link wp-element-button\" href=\"https:\/\/helpers.hu\/newsletter-signup?utm_source=helpersblog.tr\" target=\"_blank\" rel=\"noreferrer noopener\">Buradan kaydolun<\/a><\/div>\n<\/div>\n\n\n\n<h2 class=\"wp-block-heading\"><\/h2>\n\n\n<span class=\"anchor-link\" id=\"faq-section\"><\/span>\n<div class=\"faq-block\">\n\n\t\n\t\n\t<div class=\"container\">\n\n\t\t\t\t\t<h2 class=\"services__title section-title\">SIK\u00c7A SORULAN SORULAR<\/h2>\n\t\t\n\t\t\n\t\t\t\n\t\t\t\t<div class=\"faq-block__question-wrapper\">\n\n\t\t\t\t\t<div class=\"faq-block__icon-wrapper\">\n\n\t\t\t\t\t\t\n\t\t\t\t\t\t\t<div class=\"faq-block__question\">2026 se\u00e7imlerini Macaristan\u2019da kim kazand\u0131?<\/div>\n\n\t\t\t\t\t\t\n\t\t\t\t\t\t<div class=\"faq-block__icon\">\n\n\t\t\t\t\t\t\t<div class=\"faq-block__icon faq-block__icon--line1\"><\/div>\n\n\t\t\t\t\t\t\t<div class=\"faq-block__icon faq-block__icon--line2\"><\/div>\n\n\t\t\t\t\t\t<\/div>\n\n\t\t\t\t\t<\/div>\n\n\t\t\t\t\t\n\t\t\t\t\t\t<div class=\"faq-block__answer direction\"><p>TISZA Partisi se\u00e7imleri \u00e7o\u011funlukla kazanm\u0131\u015ft\u0131r. Parlamentoda \u00fc\u00e7te iki \u00e7o\u011funlu\u011fu elde ederek devlet kurumlar\u0131nda yap\u0131sal de\u011fi\u015fiklikler yapma yetkisine sahip olmu\u015ftur.<\/p>\n<\/div>\n\n\t\t\t\t\t\n\t\t\t\t<\/div>\n\n\t\t\t\n\t\t\t\t<div class=\"faq-block__question-wrapper\">\n\n\t\t\t\t\t<div class=\"faq-block__icon-wrapper\">\n\n\t\t\t\t\t\t\n\t\t\t\t\t\t\t<div class=\"faq-block__question\">Yeni TISZA h\u00fck\u00fcmeti alt\u0131nda Macaristan\u2019daki oturum izinleri ne olacak?<\/div>\n\n\t\t\t\t\t\t\n\t\t\t\t\t\t<div class=\"faq-block__icon\">\n\n\t\t\t\t\t\t\t<div class=\"faq-block__icon faq-block__icon--line1\"><\/div>\n\n\t\t\t\t\t\t\t<div class=\"faq-block__icon faq-block__icon--line2\"><\/div>\n\n\t\t\t\t\t\t<\/div>\n\n\t\t\t\t\t<\/div>\n\n\t\t\t\t\t\n\t\t\t\t\t\t<div class=\"faq-block__answer direction\"><p>K\u0131sa vadede \u00f6nemli bir de\u011fi\u015fiklik beklenmemektedir. \u00c7al\u0131\u015fma, i\u015f kurma veya aile birle\u015fimi temelli oturum izinlerinin mevcut \u015fekilde devam etmesi \u00f6ng\u00f6r\u00fclmektedir. Ayr\u0131ca yeni h\u00fck\u00fcmetin ani y\u00fcr\u00fcrl\u00fc\u011fe giren d\u00fczenlemelerden ka\u00e7\u0131narak, ilgili taraflara uyum s\u00fcresi tan\u0131mas\u0131 beklenmektedir.<\/p>\n<\/div>\n\n\t\t\t\t\t\n\t\t\t\t<\/div>\n\n\t\t\t\n\t\t\t\t<div class=\"faq-block__question-wrapper\">\n\n\t\t\t\t\t<div class=\"faq-block__icon-wrapper\">\n\n\t\t\t\t\t\t\n\t\t\t\t\t\t\t<div class=\"faq-block__question\">Soy ba\u011f\u0131na dayal\u0131 Macar vatanda\u015fl\u0131\u011f\u0131 i\u00e7in h\u00e2l\u00e2 ba\u015fvurabilir miyim?<\/div>\n\n\t\t\t\t\t\t\n\t\t\t\t\t\t<div class=\"faq-block__icon\">\n\n\t\t\t\t\t\t\t<div class=\"faq-block__icon faq-block__icon--line1\"><\/div>\n\n\t\t\t\t\t\t\t<div class=\"faq-block__icon faq-block__icon--line2\"><\/div>\n\n\t\t\t\t\t\t<\/div>\n\n\t\t\t\t\t<\/div>\n\n\t\t\t\t\t\n\t\t\t\t\t\t<div class=\"faq-block__answer direction\"><p>Evet, ba\u015fvurabilirsiniz. TISZA program\u0131na g\u00f6re \u00e7ifte vatanda\u015fl\u0131k uygulamas\u0131n\u0131n devam etmesi beklenmektedir. Yeni h\u00fck\u00fcmetin yurt d\u0131\u015f\u0131nda ya\u015fayan Macarlar\u0131 desteklemeye ve geri d\u00f6n\u00fc\u015f\u00fc te\u015fvik etmeye y\u00f6nelik planlar\u0131 da bu yakla\u015f\u0131m\u0131 desteklemektedir.<\/p>\n<\/div>\n\n\t\t\t\t\t\n\t\t\t\t<\/div>\n\n\t\t\t\n\t\t\t\t<div class=\"faq-block__question-wrapper\">\n\n\t\t\t\t\t<div class=\"faq-block__icon-wrapper\">\n\n\t\t\t\t\t\t\n\t\t\t\t\t\t\t<div class=\"faq-block__question\">TISZA y\u00f6netimi alt\u0131nda Macaristan\u2019daki i\u015fletmem ne olacak?<\/div>\n\n\t\t\t\t\t\t\n\t\t\t\t\t\t<div class=\"faq-block__icon\">\n\n\t\t\t\t\t\t\t<div class=\"faq-block__icon faq-block__icon--line1\"><\/div>\n\n\t\t\t\t\t\t\t<div class=\"faq-block__icon faq-block__icon--line2\"><\/div>\n\n\t\t\t\t\t\t<\/div>\n\n\t\t\t\t\t<\/div>\n\n\t\t\t\t\t\n\t\t\t\t\t\t<div class=\"faq-block__answer direction\"><p>Piyasalar se\u00e7im sonu\u00e7lar\u0131na olumlu tepki vermi\u015ftir. Macar forinti de\u011fer kazanm\u0131\u015f, b\u00fcy\u00fck \u015firketlerin hisselerinde art\u0131\u015f g\u00f6r\u00fclm\u00fc\u015ft\u00fcr. TISZA program\u0131, \u00f6zellikle k\u00fc\u00e7\u00fck ve orta \u00f6l\u00e7ekli i\u015fletmelerin rekabet g\u00fcc\u00fcn\u00fc art\u0131rmaya y\u00f6nelik ad\u0131mlar i\u00e7ermekte olup, Macaristan\u2019\u0131 i\u015f yapmak i\u00e7in daha cazip bir ortam haline getirmeyi hedeflemektedir.<\/p>\n<\/div>\n\n\t\t\t\t\t\n\t\t\t\t<\/div>\n\n\t\t\t\n\t\t\n\t<\/div>\n\n<\/div>\n","protected":false},"excerpt":{"rendered":"<p>12 Nisan\u2019da TISZA Partisi, Macaristan\u2019daki genel se\u00e7imlerde ezici bir zafer elde etti. Bununla birlikte, 16 y\u0131ld\u0131r iktidarda olan FIDESZ h\u00fck\u00fcmeti g\u00f6revden ayr\u0131lacak. D\u00f6viz piyasalar\u0131 ve borsalar, se\u00e7im sonu\u00e7lar\u0131na ve TISZA\u2019n\u0131n vaat etti\u011fi istikrar art\u0131\u015f\u0131na olumlu tepki verdi. \u00d6te yandan, g\u00f6\u00e7 politikalar\u0131nda k\u0131sa vadede \u00f6nemli bir de\u011fi\u015fiklik beklenmemektedir.<\/p>\n","protected":false},"author":8,"featured_media":58425,"comment_status":"closed","ping_status":"closed","sticky":false,"template":"","format":"standard","meta":{"_acf_changed":false,"footnotes":""},"categories":[1404,1303,951,1305,948,1405,1307],"tags":[1379,952,953,1397],"class_list":["post-58597","post","type-post","status-publish","format-standard","has-post-thumbnail","hentry","category-aile-ve-ogrenci-vizesi","category-calisma-izni","category-ikamet-izni","category-is-gocmenligi","category-macar-yatirim-gocmenligi-programi","category-macaristan-vatandasligi","category-sirket-kurulumu","tag-business-tr","tag-golden-visa-tr","tag-immigration-tr","tag-lifestyle-tr"],"yoast_head":"<!-- This site is optimized with the Yoast SEO plugin v27.3 - https:\/\/yoast.com\/product\/yoast-seo-wordpress\/ -->\n<title>Macaristan\u2019da Se\u00e7im Sonu\u00e7lar\u0131: TISZA H\u00fck\u00fcmetinden Ne Beklenmeli? - Helpers Hungary<\/title>\n<meta name=\"description\" content=\"TISZA\u2019n\u0131n zaferi sonras\u0131 Macaristan\u2019da neler de\u011fi\u015fecek? G\u00f6\u00e7, ekonomi ve i\u015f d\u00fcnyas\u0131 i\u00e7in beklentileri \u00f6\u011frenin.\" \/>\n<meta name=\"robots\" content=\"index, follow, max-snippet:-1, max-image-preview:large, max-video-preview:-1\" \/>\n<link rel=\"canonical\" href=\"https:\/\/helpers.hu\/tr\/macaristan-vatandasligi\/macaristan-da-secim-sonuclari-tisza-hukumetinden-ne-beklenmeli\/\" \/>\n<meta property=\"og:locale\" content=\"tr_TR\" \/>\n<meta property=\"og:type\" content=\"article\" \/>\n<meta property=\"og:title\" content=\"Macaristan\u2019da Se\u00e7im Sonu\u00e7lar\u0131: TISZA H\u00fck\u00fcmetinden Ne Beklenmeli? - Helpers Hungary\" \/>\n<meta property=\"og:description\" content=\"TISZA\u2019n\u0131n zaferi sonras\u0131 Macaristan\u2019da neler de\u011fi\u015fecek? G\u00f6\u00e7, ekonomi ve i\u015f d\u00fcnyas\u0131 i\u00e7in beklentileri \u00f6\u011frenin.\" \/>\n<meta property=\"og:url\" content=\"https:\/\/helpers.hu\/tr\/macaristan-vatandasligi\/macaristan-da-secim-sonuclari-tisza-hukumetinden-ne-beklenmeli\/\" \/>\n<meta property=\"og:site_name\" content=\"Helpers Hungary\" \/>\n<meta property=\"article:published_time\" content=\"2026-04-15T08:19:58+00:00\" \/>\n<meta property=\"article:modified_time\" content=\"2026-04-28T08:54:06+00:00\" \/>\n<meta property=\"og:image\" content=\"https:\/\/helpers.hu\/wp-content\/uploads\/2026\/04\/tisza-government-hungary-elections-2026.jpg\" \/>\n\t<meta property=\"og:image:width\" content=\"600\" \/>\n\t<meta property=\"og:image:height\" content=\"600\" \/>\n\t<meta property=\"og:image:type\" content=\"image\/jpeg\" \/>\n<meta name=\"author\" content=\"Zsuzsanna Sarkadi\" \/>\n<meta name=\"twitter:card\" content=\"summary_large_image\" \/>\n<meta name=\"twitter:label1\" content=\"Yazan:\" \/>\n\t<meta name=\"twitter:data1\" content=\"Zsuzsanna Sarkadi\" \/>\n\t<meta name=\"twitter:label2\" content=\"Tahmini okuma s\u00fcresi\" \/>\n\t<meta name=\"twitter:data2\" content=\"3 dakika\" \/>\n<script type=\"application\/ld+json\" class=\"yoast-schema-graph\">{\"@context\":\"https:\\\/\\\/schema.org\",\"@graph\":[{\"@type\":\"Article\",\"@id\":\"https:\\\/\\\/helpers.hu\\\/tr\\\/macaristan-vatandasligi\\\/macaristan-da-secim-sonuclari-tisza-hukumetinden-ne-beklenmeli\\\/#article\",\"isPartOf\":{\"@id\":\"https:\\\/\\\/helpers.hu\\\/tr\\\/macaristan-vatandasligi\\\/macaristan-da-secim-sonuclari-tisza-hukumetinden-ne-beklenmeli\\\/\"},\"author\":{\"name\":\"Zsuzsanna Sarkadi\",\"@id\":\"https:\\\/\\\/helpers.hu\\\/tr\\\/#\\\/schema\\\/person\\\/fc09f026b6e83bc10438afa6de5bd51e\"},\"headline\":\"Macaristan\u2019da Se\u00e7im Sonu\u00e7lar\u0131: TISZA H\u00fck\u00fcmetinden Ne Beklenmeli?\",\"datePublished\":\"2026-04-15T08:19:58+00:00\",\"dateModified\":\"2026-04-28T08:54:06+00:00\",\"mainEntityOfPage\":{\"@id\":\"https:\\\/\\\/helpers.hu\\\/tr\\\/macaristan-vatandasligi\\\/macaristan-da-secim-sonuclari-tisza-hukumetinden-ne-beklenmeli\\\/\"},\"wordCount\":968,\"image\":{\"@id\":\"https:\\\/\\\/helpers.hu\\\/tr\\\/macaristan-vatandasligi\\\/macaristan-da-secim-sonuclari-tisza-hukumetinden-ne-beklenmeli\\\/#primaryimage\"},\"thumbnailUrl\":\"https:\\\/\\\/helpers.hu\\\/wp-content\\\/uploads\\\/2026\\\/04\\\/tisza-government-hungary-elections-2026.jpg\",\"keywords\":[\"Business\",\"Golden Visa\",\"Immigration\",\"Lifestyle\"],\"articleSection\":[\"Aile ve \u00d6\u011frenci Vizesi\",\"\u00c7al\u0131\u015fma \u0130zni\",\"\u0130kamet \u0130zni\",\"\u0130\u015f G\u00f6\u00e7menli\u011fi\",\"Macar Yat\u0131r\u0131m G\u00f6\u00e7menli\u011fi Program\u0131\",\"Macaristan Vatanda\u015fl\u0131\u011f\u0131\",\"\u015eirket Kurulumu\"],\"inLanguage\":\"tr\"},{\"@type\":\"WebPage\",\"@id\":\"https:\\\/\\\/helpers.hu\\\/tr\\\/macaristan-vatandasligi\\\/macaristan-da-secim-sonuclari-tisza-hukumetinden-ne-beklenmeli\\\/\",\"url\":\"https:\\\/\\\/helpers.hu\\\/tr\\\/macaristan-vatandasligi\\\/macaristan-da-secim-sonuclari-tisza-hukumetinden-ne-beklenmeli\\\/\",\"name\":\"Macaristan\u2019da Se\u00e7im Sonu\u00e7lar\u0131: TISZA H\u00fck\u00fcmetinden Ne Beklenmeli? - Helpers Hungary\",\"isPartOf\":{\"@id\":\"https:\\\/\\\/helpers.hu\\\/tr\\\/#website\"},\"primaryImageOfPage\":{\"@id\":\"https:\\\/\\\/helpers.hu\\\/tr\\\/macaristan-vatandasligi\\\/macaristan-da-secim-sonuclari-tisza-hukumetinden-ne-beklenmeli\\\/#primaryimage\"},\"image\":{\"@id\":\"https:\\\/\\\/helpers.hu\\\/tr\\\/macaristan-vatandasligi\\\/macaristan-da-secim-sonuclari-tisza-hukumetinden-ne-beklenmeli\\\/#primaryimage\"},\"thumbnailUrl\":\"https:\\\/\\\/helpers.hu\\\/wp-content\\\/uploads\\\/2026\\\/04\\\/tisza-government-hungary-elections-2026.jpg\",\"datePublished\":\"2026-04-15T08:19:58+00:00\",\"dateModified\":\"2026-04-28T08:54:06+00:00\",\"author\":{\"@id\":\"https:\\\/\\\/helpers.hu\\\/tr\\\/#\\\/schema\\\/person\\\/fc09f026b6e83bc10438afa6de5bd51e\"},\"description\":\"TISZA\u2019n\u0131n zaferi sonras\u0131 Macaristan\u2019da neler de\u011fi\u015fecek? G\u00f6\u00e7, ekonomi ve i\u015f d\u00fcnyas\u0131 i\u00e7in beklentileri \u00f6\u011frenin.\",\"breadcrumb\":{\"@id\":\"https:\\\/\\\/helpers.hu\\\/tr\\\/macaristan-vatandasligi\\\/macaristan-da-secim-sonuclari-tisza-hukumetinden-ne-beklenmeli\\\/#breadcrumb\"},\"inLanguage\":\"tr\",\"potentialAction\":[{\"@type\":\"ReadAction\",\"target\":[\"https:\\\/\\\/helpers.hu\\\/tr\\\/macaristan-vatandasligi\\\/macaristan-da-secim-sonuclari-tisza-hukumetinden-ne-beklenmeli\\\/\"]}]},{\"@type\":\"ImageObject\",\"inLanguage\":\"tr\",\"@id\":\"https:\\\/\\\/helpers.hu\\\/tr\\\/macaristan-vatandasligi\\\/macaristan-da-secim-sonuclari-tisza-hukumetinden-ne-beklenmeli\\\/#primaryimage\",\"url\":\"https:\\\/\\\/helpers.hu\\\/wp-content\\\/uploads\\\/2026\\\/04\\\/tisza-government-hungary-elections-2026.jpg\",\"contentUrl\":\"https:\\\/\\\/helpers.hu\\\/wp-content\\\/uploads\\\/2026\\\/04\\\/tisza-government-hungary-elections-2026.jpg\",\"width\":600,\"height\":600,\"caption\":\"Election results in Hungary \u2013 what to expect from a TISZA government\"},{\"@type\":\"BreadcrumbList\",\"@id\":\"https:\\\/\\\/helpers.hu\\\/tr\\\/macaristan-vatandasligi\\\/macaristan-da-secim-sonuclari-tisza-hukumetinden-ne-beklenmeli\\\/#breadcrumb\",\"itemListElement\":[{\"@type\":\"ListItem\",\"position\":1,\"name\":\"Home\",\"item\":\"https:\\\/\\\/helpers.hu\\\/tr\\\/\"},{\"@type\":\"ListItem\",\"position\":2,\"name\":\"Macaristan\u2019da Se\u00e7im Sonu\u00e7lar\u0131: TISZA H\u00fck\u00fcmetinden Ne Beklenmeli?\"}]},{\"@type\":\"WebSite\",\"@id\":\"https:\\\/\\\/helpers.hu\\\/tr\\\/#website\",\"url\":\"https:\\\/\\\/helpers.hu\\\/tr\\\/\",\"name\":\"Helpers Hungary\",\"description\":\"\",\"potentialAction\":[{\"@type\":\"SearchAction\",\"target\":{\"@type\":\"EntryPoint\",\"urlTemplate\":\"https:\\\/\\\/helpers.hu\\\/tr\\\/?s={search_term_string}\"},\"query-input\":{\"@type\":\"PropertyValueSpecification\",\"valueRequired\":true,\"valueName\":\"search_term_string\"}}],\"inLanguage\":\"tr\"},{\"@type\":\"Person\",\"@id\":\"https:\\\/\\\/helpers.hu\\\/tr\\\/#\\\/schema\\\/person\\\/fc09f026b6e83bc10438afa6de5bd51e\",\"name\":\"Zsuzsanna Sarkadi\",\"image\":{\"@type\":\"ImageObject\",\"inLanguage\":\"tr\",\"@id\":\"https:\\\/\\\/secure.gravatar.com\\\/avatar\\\/8cb74274ce99c3e200c1b55bf4a1b75827971a591b54f9e81b0b537a5a4c9ed7?s=96&d=mm&r=g\",\"url\":\"https:\\\/\\\/secure.gravatar.com\\\/avatar\\\/8cb74274ce99c3e200c1b55bf4a1b75827971a591b54f9e81b0b537a5a4c9ed7?s=96&d=mm&r=g\",\"contentUrl\":\"https:\\\/\\\/secure.gravatar.com\\\/avatar\\\/8cb74274ce99c3e200c1b55bf4a1b75827971a591b54f9e81b0b537a5a4c9ed7?s=96&d=mm&r=g\",\"caption\":\"Zsuzsanna Sarkadi\"}}]}<\/script>\n<!-- \/ Yoast SEO plugin. -->","yoast_head_json":{"title":"Macaristan\u2019da Se\u00e7im Sonu\u00e7lar\u0131: TISZA H\u00fck\u00fcmetinden Ne Beklenmeli? - Helpers Hungary","description":"TISZA\u2019n\u0131n zaferi sonras\u0131 Macaristan\u2019da neler de\u011fi\u015fecek? G\u00f6\u00e7, ekonomi ve i\u015f d\u00fcnyas\u0131 i\u00e7in beklentileri \u00f6\u011frenin.","robots":{"index":"index","follow":"follow","max-snippet":"max-snippet:-1","max-image-preview":"max-image-preview:large","max-video-preview":"max-video-preview:-1"},"canonical":"https:\/\/helpers.hu\/tr\/macaristan-vatandasligi\/macaristan-da-secim-sonuclari-tisza-hukumetinden-ne-beklenmeli\/","og_locale":"tr_TR","og_type":"article","og_title":"Macaristan\u2019da Se\u00e7im Sonu\u00e7lar\u0131: TISZA H\u00fck\u00fcmetinden Ne Beklenmeli? - Helpers Hungary","og_description":"TISZA\u2019n\u0131n zaferi sonras\u0131 Macaristan\u2019da neler de\u011fi\u015fecek? G\u00f6\u00e7, ekonomi ve i\u015f d\u00fcnyas\u0131 i\u00e7in beklentileri \u00f6\u011frenin.","og_url":"https:\/\/helpers.hu\/tr\/macaristan-vatandasligi\/macaristan-da-secim-sonuclari-tisza-hukumetinden-ne-beklenmeli\/","og_site_name":"Helpers Hungary","article_published_time":"2026-04-15T08:19:58+00:00","article_modified_time":"2026-04-28T08:54:06+00:00","og_image":[{"width":600,"height":600,"url":"https:\/\/helpers.hu\/wp-content\/uploads\/2026\/04\/tisza-government-hungary-elections-2026.jpg","type":"image\/jpeg"}],"author":"Zsuzsanna Sarkadi","twitter_card":"summary_large_image","twitter_misc":{"Yazan:":"Zsuzsanna Sarkadi","Tahmini okuma s\u00fcresi":"3 dakika"},"schema":{"@context":"https:\/\/schema.org","@graph":[{"@type":"Article","@id":"https:\/\/helpers.hu\/tr\/macaristan-vatandasligi\/macaristan-da-secim-sonuclari-tisza-hukumetinden-ne-beklenmeli\/#article","isPartOf":{"@id":"https:\/\/helpers.hu\/tr\/macaristan-vatandasligi\/macaristan-da-secim-sonuclari-tisza-hukumetinden-ne-beklenmeli\/"},"author":{"name":"Zsuzsanna Sarkadi","@id":"https:\/\/helpers.hu\/tr\/#\/schema\/person\/fc09f026b6e83bc10438afa6de5bd51e"},"headline":"Macaristan\u2019da Se\u00e7im Sonu\u00e7lar\u0131: TISZA H\u00fck\u00fcmetinden Ne Beklenmeli?","datePublished":"2026-04-15T08:19:58+00:00","dateModified":"2026-04-28T08:54:06+00:00","mainEntityOfPage":{"@id":"https:\/\/helpers.hu\/tr\/macaristan-vatandasligi\/macaristan-da-secim-sonuclari-tisza-hukumetinden-ne-beklenmeli\/"},"wordCount":968,"image":{"@id":"https:\/\/helpers.hu\/tr\/macaristan-vatandasligi\/macaristan-da-secim-sonuclari-tisza-hukumetinden-ne-beklenmeli\/#primaryimage"},"thumbnailUrl":"https:\/\/helpers.hu\/wp-content\/uploads\/2026\/04\/tisza-government-hungary-elections-2026.jpg","keywords":["Business","Golden Visa","Immigration","Lifestyle"],"articleSection":["Aile ve \u00d6\u011frenci Vizesi","\u00c7al\u0131\u015fma \u0130zni","\u0130kamet \u0130zni","\u0130\u015f G\u00f6\u00e7menli\u011fi","Macar Yat\u0131r\u0131m G\u00f6\u00e7menli\u011fi Program\u0131","Macaristan Vatanda\u015fl\u0131\u011f\u0131","\u015eirket Kurulumu"],"inLanguage":"tr"},{"@type":"WebPage","@id":"https:\/\/helpers.hu\/tr\/macaristan-vatandasligi\/macaristan-da-secim-sonuclari-tisza-hukumetinden-ne-beklenmeli\/","url":"https:\/\/helpers.hu\/tr\/macaristan-vatandasligi\/macaristan-da-secim-sonuclari-tisza-hukumetinden-ne-beklenmeli\/","name":"Macaristan\u2019da Se\u00e7im Sonu\u00e7lar\u0131: TISZA H\u00fck\u00fcmetinden Ne Beklenmeli? - Helpers Hungary","isPartOf":{"@id":"https:\/\/helpers.hu\/tr\/#website"},"primaryImageOfPage":{"@id":"https:\/\/helpers.hu\/tr\/macaristan-vatandasligi\/macaristan-da-secim-sonuclari-tisza-hukumetinden-ne-beklenmeli\/#primaryimage"},"image":{"@id":"https:\/\/helpers.hu\/tr\/macaristan-vatandasligi\/macaristan-da-secim-sonuclari-tisza-hukumetinden-ne-beklenmeli\/#primaryimage"},"thumbnailUrl":"https:\/\/helpers.hu\/wp-content\/uploads\/2026\/04\/tisza-government-hungary-elections-2026.jpg","datePublished":"2026-04-15T08:19:58+00:00","dateModified":"2026-04-28T08:54:06+00:00","author":{"@id":"https:\/\/helpers.hu\/tr\/#\/schema\/person\/fc09f026b6e83bc10438afa6de5bd51e"},"description":"TISZA\u2019n\u0131n zaferi sonras\u0131 Macaristan\u2019da neler de\u011fi\u015fecek? G\u00f6\u00e7, ekonomi ve i\u015f d\u00fcnyas\u0131 i\u00e7in beklentileri \u00f6\u011frenin.","breadcrumb":{"@id":"https:\/\/helpers.hu\/tr\/macaristan-vatandasligi\/macaristan-da-secim-sonuclari-tisza-hukumetinden-ne-beklenmeli\/#breadcrumb"},"inLanguage":"tr","potentialAction":[{"@type":"ReadAction","target":["https:\/\/helpers.hu\/tr\/macaristan-vatandasligi\/macaristan-da-secim-sonuclari-tisza-hukumetinden-ne-beklenmeli\/"]}]},{"@type":"ImageObject","inLanguage":"tr","@id":"https:\/\/helpers.hu\/tr\/macaristan-vatandasligi\/macaristan-da-secim-sonuclari-tisza-hukumetinden-ne-beklenmeli\/#primaryimage","url":"https:\/\/helpers.hu\/wp-content\/uploads\/2026\/04\/tisza-government-hungary-elections-2026.jpg","contentUrl":"https:\/\/helpers.hu\/wp-content\/uploads\/2026\/04\/tisza-government-hungary-elections-2026.jpg","width":600,"height":600,"caption":"Election results in Hungary \u2013 what to expect from a TISZA government"},{"@type":"BreadcrumbList","@id":"https:\/\/helpers.hu\/tr\/macaristan-vatandasligi\/macaristan-da-secim-sonuclari-tisza-hukumetinden-ne-beklenmeli\/#breadcrumb","itemListElement":[{"@type":"ListItem","position":1,"name":"Home","item":"https:\/\/helpers.hu\/tr\/"},{"@type":"ListItem","position":2,"name":"Macaristan\u2019da Se\u00e7im Sonu\u00e7lar\u0131: TISZA H\u00fck\u00fcmetinden Ne Beklenmeli?"}]},{"@type":"WebSite","@id":"https:\/\/helpers.hu\/tr\/#website","url":"https:\/\/helpers.hu\/tr\/","name":"Helpers Hungary","description":"","potentialAction":[{"@type":"SearchAction","target":{"@type":"EntryPoint","urlTemplate":"https:\/\/helpers.hu\/tr\/?s={search_term_string}"},"query-input":{"@type":"PropertyValueSpecification","valueRequired":true,"valueName":"search_term_string"}}],"inLanguage":"tr"},{"@type":"Person","@id":"https:\/\/helpers.hu\/tr\/#\/schema\/person\/fc09f026b6e83bc10438afa6de5bd51e","name":"Zsuzsanna Sarkadi","image":{"@type":"ImageObject","inLanguage":"tr","@id":"https:\/\/secure.gravatar.com\/avatar\/8cb74274ce99c3e200c1b55bf4a1b75827971a591b54f9e81b0b537a5a4c9ed7?s=96&d=mm&r=g","url":"https:\/\/secure.gravatar.com\/avatar\/8cb74274ce99c3e200c1b55bf4a1b75827971a591b54f9e81b0b537a5a4c9ed7?s=96&d=mm&r=g","contentUrl":"https:\/\/secure.gravatar.com\/avatar\/8cb74274ce99c3e200c1b55bf4a1b75827971a591b54f9e81b0b537a5a4c9ed7?s=96&d=mm&r=g","caption":"Zsuzsanna Sarkadi"}}]}},"acf":[],"_links":{"self":[{"href":"https:\/\/helpers.hu\/tr\/wp-json\/wp\/v2\/posts\/58597","targetHints":{"allow":["GET"]}}],"collection":[{"href":"https:\/\/helpers.hu\/tr\/wp-json\/wp\/v2\/posts"}],"about":[{"href":"https:\/\/helpers.hu\/tr\/wp-json\/wp\/v2\/types\/post"}],"author":[{"embeddable":true,"href":"https:\/\/helpers.hu\/tr\/wp-json\/wp\/v2\/users\/8"}],"replies":[{"embeddable":true,"href":"https:\/\/helpers.hu\/tr\/wp-json\/wp\/v2\/comments?post=58597"}],"version-history":[{"count":1,"href":"https:\/\/helpers.hu\/tr\/wp-json\/wp\/v2\/posts\/58597\/revisions"}],"predecessor-version":[{"id":58607,"href":"https:\/\/helpers.hu\/tr\/wp-json\/wp\/v2\/posts\/58597\/revisions\/58607"}],"wp:featuredmedia":[{"embeddable":true,"href":"https:\/\/helpers.hu\/tr\/wp-json\/wp\/v2\/media\/58425"}],"wp:attachment":[{"href":"https:\/\/helpers.hu\/tr\/wp-json\/wp\/v2\/media?parent=58597"}],"wp:term":[{"taxonomy":"category","embeddable":true,"href":"https:\/\/helpers.hu\/tr\/wp-json\/wp\/v2\/categories?post=58597"},{"taxonomy":"post_tag","embeddable":true,"href":"https:\/\/helpers.hu\/tr\/wp-json\/wp\/v2\/tags?post=58597"}],"curies":[{"name":"wp","href":"https:\/\/api.w.org\/{rel}","templated":true}]}}