{"id":58612,"date":"2026-03-25T12:08:40","date_gmt":"2026-03-25T12:08:40","guid":{"rendered":"https:\/\/helpers.hu\/diger\/what-do-eu-inc-and-the-28th-regime-mean-for-business-in-the-eu\/"},"modified":"2026-04-28T09:31:25","modified_gmt":"2026-04-28T09:31:25","slug":"eu-inc-ve-28-rejim-avrupa-birligi","status":"publish","type":"post","link":"https:\/\/helpers.hu\/tr\/sirket-kurulumu\/eu-inc-ve-28-rejim-avrupa-birligi\/","title":{"rendered":"EU Inc. ve 28. Rejim, Avrupa Birli\u011fi\u2019nde i\u015f d\u00fcnyas\u0131 i\u00e7in ne ifade ediyor?"},"content":{"rendered":"\n<p><strong><em><strong><em>\u015eu a\u015famada EU Inc. hen\u00fcz bir \u00f6neri niteli\u011findedir. S\u00fcrecin planland\u0131\u011f\u0131 \u015fekilde ilerlemesi durumunda uygulaman\u0131n 2027 y\u0131l\u0131nda ba\u015flamas\u0131 \u00f6ng\u00f6r\u00fclmektedir. Geli\u015fmeleri yak\u0131ndan takip ederek bu konu hakk\u0131nda daha ayr\u0131nt\u0131l\u0131 bilgileri payla\u015fmaya devam edece\u011fiz.<\/em><\/strong><\/em><\/strong><\/p>\n\n\n\n<div class=\"wp-block-buttons is-content-justification-center is-layout-flex wp-container-core-buttons-is-layout-16018d1d wp-block-buttons-is-layout-flex\">\n<div class=\"wp-block-button\"><a class=\"wp-block-button__link wp-element-button\" href=\"https:\/\/helpers.hu\/newsletter-signup?utm_source=helpersblog.tr\" target=\"_blank\" rel=\"noreferrer noopener\">B\u00fcltenimize abone olun<\/a><\/div>\n<\/div>\n\n\n\n<h2 class=\"wp-block-heading\">28. Rejim ve EU Inc.<\/h2>\n\n\n\n<p>28. Rejim, Avrupa Birli\u011fi\u2019nin daha etkin bir \u015fekilde b\u00fct\u00fcnle\u015fmesini sa\u011flamak ve \u00fcye devletler aras\u0131nda faaliyet g\u00f6steren i\u015fletmelerin kar\u015f\u0131la\u015ft\u0131\u011f\u0131 idari engelleri azaltmak amac\u0131yla <strong>\u00f6nerilen bir hukuki \u00e7er\u00e7evedir.<\/strong> EU Inc. ise bu \u00e7er\u00e7evenin <strong>\u015firketler hukukuna ili\u015fkin temel unsurunu<\/strong> olu\u015fturmaktad\u0131r.<\/p>\n\n\n\n<p><strong>EU Inc., AB genelinde herhangi bir \u00fcye devlette kurulabilecek ve t\u00fcm \u00fcye \u00fclkeler taraf\u0131ndan tan\u0131nacak yeni bir \u015firket t\u00fcr\u00fc olarak tasarlanmaktad\u0131r<\/strong>. \u015eirket kurulu\u015f s\u00fcre\u00e7lerinin tamamen dijital olmas\u0131, h\u0131zl\u0131 ve d\u00fc\u015f\u00fck maliyetli bir yap\u0131 sunmas\u0131 planlanmaktad\u0131r. \u00d6nerilen sistemde <strong>\u201conce-only\u201d (yaln\u0131zca bir kez bildirim)<\/strong> ilkesi uygulanacakt\u0131r. Bu ilkeye g\u00f6re, gerekli belgelerin yaln\u0131zca bir kez ilgili makamlara sunulmas\u0131 yeterli olacak ve ard\u0131ndan yetkili kurumlar bu bilgilere ortak bir platform \u00fczerinden eri\u015febilecektir. B\u00f6ylece \u015firket sahiplerinin 27 farkl\u0131 \u00fcye devletin idari gereklilikleriyle ayr\u0131 ayr\u0131 u\u011fra\u015fmas\u0131 gerekmeyecektir.<\/p>\n\n\n\n<h2 class=\"wp-block-heading\">\u00dc\u00e7\u00fcnc\u00fc \u00fclke vatanda\u015flar\u0131 ve \u015firket sahipli\u011fi<\/h2>\n\n\n\n<p>Mevcut d\u00fczenlemelere g\u00f6re EU Inc. \u015firketlerinin do\u011frudan <strong>yaln\u0131zca AB vatanda\u015flar\u0131 veya AB\u2019de kal\u0131c\u0131 oturum iznine sahip ki\u015filer taraf\u0131ndan<\/strong> kurulabilece\u011fi \u00f6ng\u00f6r\u00fclmektedir. Alternatif olarak, EU Inc. yap\u0131s\u0131 mevcut bir AB \u015firketinin i\u015ftiraki (subsidiary) olarak da kurulabilecektir. Bu durumda ana \u015firketin AB \u00fcyesi bir \u00fclkede kay\u0131tl\u0131 olmas\u0131 gerekecektir. Bu nedenle AB d\u0131\u015f\u0131ndaki giri\u015fimcilerin EU Inc. sistemine eri\u015febilmesi i\u00e7in \u00f6ncelikle AB i\u00e7inde bir \u015firket yap\u0131s\u0131 olu\u015fturmas\u0131 gerekebilir.<\/p>\n\n\n\n<p>Bu ba\u011flamda Macaristan, AB pazar\u0131na giri\u015f yapmak isteyen uluslararas\u0131 giri\u015fimciler i\u00e7in h\u00e2l\u00e2 <strong>cazip bir \u00fclke<\/strong> olmaya devam etmektedir. <a href=\"https:\/\/helpers.hu\/tr\/services\/business\/company-formation\/\" target=\"_blank\" rel=\"noreferrer noopener\">Macaristan\u2019da \u015firket kurulu\u015fu<\/a> genellikle 4-5 i\u015f g\u00fcn\u00fc i\u00e7erisinde tamamlanabilmekte ve \u015firketler ayn\u0131 anda <strong>AB KDV numaras\u0131 (EU VAT number)<\/strong> alabilmektedir. \u00dclke, g\u00fc\u00e7l\u00fc altyap\u0131s\u0131 ve merkezi konumu sayesinde Avrupa pazar\u0131na eri\u015fim a\u00e7\u0131s\u0131ndan \u00f6nemli avantajlar sunmaktad\u0131r. Macaristan\u2019da kurumlar vergisi oran\u0131 <strong>%9<\/strong> olup Avrupa\u2019daki en d\u00fc\u015f\u00fck oranlardan biridir. Ayr\u0131ca Macaristan, k\u00fcresel asgari vergi kapsam\u0131nda \u201c<a href=\"https:\/\/helpersfinance.hu\/global-minimum-tax-2025-hungary-is-a-safe-harbour\/\" target=\"_blank\" rel=\"noreferrer noopener\">safe harbour<\/a>\u201d uygulamas\u0131ndan yararlanabilmektedir. Bunun yan\u0131nda mevcut \u00f6neriler, merkezi y\u00f6netim yeri esas\u0131na dayanan <strong>Head Office Tax (HOT)<\/strong> sisteminin de EU Inc. yap\u0131s\u0131na entegre edilmesini \u00f6ng\u00f6rmektedir. Bu durum, AB pazar\u0131na giri\u015f yapmak isteyen \u015firketler i\u00e7in Macaristan\u2019\u0131 olduk\u00e7a avantajl\u0131 bir konuma getirmektedir.<\/p>\n\n\n\n<h2 class=\"wp-block-heading\">Avrupa i\u015f ortaminda beklenen de\u011fi\u015fim<\/h2>\n\n\n\n<p>AB kurumlar\u0131 ile 2026 y\u0131l\u0131 sonuna kadar bir anla\u015fmaya var\u0131lmas\u0131 ve uygulaman\u0131n en erken 2027 y\u0131l\u0131nda ba\u015flamas\u0131 beklenmektedir. EU Inc. modeli, uluslararas\u0131 geni\u015flemenin en y\u00fcksek maliyet kalemlerinden biri olan idari ve hukuki engellerin a\u015f\u0131lmas\u0131na <strong>y\u00f6nelik harcamalar\u0131 \u00f6nemli \u00f6l\u00e7\u00fcde azaltacakt\u0131r.<\/strong> Bunun sonucunda Avrupa \u015firketleri birle\u015fik AB pazar\u0131na daha kolay eri\u015fim sa\u011flayacak, bu <strong>da inovasyon ve de\u011fer yarat\u0131m s\u00fcre\u00e7lerini h\u0131zland\u0131racakt\u0131r<\/strong>. Halihaz\u0131rda idari i\u015flemlere ayr\u0131lan kaynaklar\u0131n inovasyon ve \u00fcretime y\u00f6nlendirilmesi, 450 milyon t\u00fcketiciden.<\/p>\n\n\n\n<h2 class=\"wp-block-heading\">Helpers Hungary hizmetinizde<\/h2>\n\n\n\n<p>Helpers Hungary olarak, Macaristan\u2019da \u015firket kurmak ve oturum izni ba\u015fvurusu yapmak isteyen uluslararas\u0131 m\u00fc\u015fterilerimize kapsaml\u0131 dan\u0131\u015fmanl\u0131k hizmetleri sunuyoruz. 20 y\u0131l\u0131 a\u015fk\u0131n deneyimimizle hem Macaristan\u2019daki \u015firket kurulu\u015fu s\u00fcre\u00e7lerini hem de Avrupa\u2019daki i\u015f ortam\u0131ndaki geli\u015fmeleri yak\u0131ndan takip ediyoruz. EU Inc. modelinin nas\u0131l \u015fekillenece\u011fini izlemeye devam ederken, bu konuda yeni bilgiler payla\u015fmay\u0131 da s\u00fcrd\u00fcrece\u011fiz. \u015eu a\u015famada Macaristan\u2019da \u015firket kurmak, AB pazar\u0131na giri\u015f yapmak isteyen giri\u015fimciler i\u00e7in h\u00e2l\u00e2 en pratik se\u00e7eneklerden biri olmaya devam etmektedir.<\/p>\n\n\n\n<div class=\"wp-block-buttons is-content-justification-center is-layout-flex wp-container-core-buttons-is-layout-16018d1d wp-block-buttons-is-layout-flex\">\n<div class=\"wp-block-button\"><a class=\"wp-block-button__link wp-element-button\" href=\"https:\/\/helpers.hu\/tr\/services\/business\/company-formation\/\" target=\"_blank\" rel=\"noreferrer noopener\">Hemen ba\u015flay\u0131n<\/a><\/div>\n<\/div>\n\n\n\n<p>Bu makaleyi faydal\u0131 buldunuz mu? G\u00fcncellemeleri ka\u00e7\u0131rmamak i\u00e7in bizi <a href=\"https:\/\/www.facebook.com\/helpershungary\/\" target=\"_blank\" rel=\"noreferrer noopener\">Facebook<\/a>\u2019ta takip edebilir veya ayl\u0131k b\u00fcltenimize abone olabilirsiniz.<\/p>\n\n\n\n<div class=\"wp-block-buttons is-content-justification-center is-layout-flex wp-container-core-buttons-is-layout-16018d1d wp-block-buttons-is-layout-flex\">\n<div class=\"wp-block-button\"><a class=\"wp-block-button__link wp-element-button\" href=\"https:\/\/helpers.hu\/newsletter-signup?utm_source=helpersblog.tr\" target=\"_blank\" rel=\"noreferrer noopener\">Buradan kaydolun<\/a><\/div>\n<\/div>\n\n\n\n<p><\/p>\n\n\n<span class=\"anchor-link\" id=\"faq-section\"><\/span>\n<div class=\"faq-block\">\n\n\t\n\t\n\t<div class=\"container\">\n\n\t\t\t\t\t<h2 class=\"services__title section-title\">SIK\u00c7A SORULAN SORULAR<\/h2>\n\t\t\n\t\t\n\t\t\t\n\t\t\t\t<div class=\"faq-block__question-wrapper\">\n\n\t\t\t\t\t<div class=\"faq-block__icon-wrapper\">\n\n\t\t\t\t\t\t\n\t\t\t\t\t\t\t<div class=\"faq-block__question\">EU Inc. nedir?<\/div>\n\n\t\t\t\t\t\t\n\t\t\t\t\t\t<div class=\"faq-block__icon\">\n\n\t\t\t\t\t\t\t<div class=\"faq-block__icon faq-block__icon--line1\"><\/div>\n\n\t\t\t\t\t\t\t<div class=\"faq-block__icon faq-block__icon--line2\"><\/div>\n\n\t\t\t\t\t\t<\/div>\n\n\t\t\t\t\t<\/div>\n\n\t\t\t\t\t\n\t\t\t\t\t\t<div class=\"faq-block__answer direction\"><p>EU Inc., AB genelinde ge\u00e7erli ortak kurallar \u00e7er\u00e7evesinde faaliyet g\u00f6sterecek yeni bir Avrupa \u015firket modeli olarak \u00f6nerilmektedir. Bu yap\u0131, AB i\u00e7inde \u015firket kurma ve faaliyet g\u00f6sterme maliyetlerini azaltarak i\u015fletmelerin rekabet g\u00fcc\u00fcn\u00fc art\u0131rmay\u0131 ama\u00e7lamaktad\u0131r.<\/p>\n<\/div>\n\n\t\t\t\t\t\n\t\t\t\t<\/div>\n\n\t\t\t\n\t\t\t\t<div class=\"faq-block__question-wrapper\">\n\n\t\t\t\t\t<div class=\"faq-block__icon-wrapper\">\n\n\t\t\t\t\t\t\n\t\t\t\t\t\t\t<div class=\"faq-block__question\">EU Inc. ne zaman kullan\u0131labilir olacak?<\/div>\n\n\t\t\t\t\t\t\n\t\t\t\t\t\t<div class=\"faq-block__icon\">\n\n\t\t\t\t\t\t\t<div class=\"faq-block__icon faq-block__icon--line1\"><\/div>\n\n\t\t\t\t\t\t\t<div class=\"faq-block__icon faq-block__icon--line2\"><\/div>\n\n\t\t\t\t\t\t<\/div>\n\n\t\t\t\t\t<\/div>\n\n\t\t\t\t\t\n\t\t\t\t\t\t<div class=\"faq-block__answer direction\"><p>EU Inc. \u015fu anda \u00f6neri a\u015famas\u0131ndad\u0131r. En erken 2027 y\u0131l\u0131nda y\u00fcr\u00fcrl\u00fc\u011fe girmesi beklenmektedir. Nihai takvim ise m\u00fczakere s\u00fcrecine ba\u011fl\u0131 olacakt\u0131r.<\/p>\n<\/div>\n\n\t\t\t\t\t\n\t\t\t\t<\/div>\n\n\t\t\t\n\t\t\t\t<div class=\"faq-block__question-wrapper\">\n\n\t\t\t\t\t<div class=\"faq-block__icon-wrapper\">\n\n\t\t\t\t\t\t\n\t\t\t\t\t\t\t<div class=\"faq-block__question\">EU Inc. \u015firketi nas\u0131l kurulacak?<\/div>\n\n\t\t\t\t\t\t\n\t\t\t\t\t\t<div class=\"faq-block__icon\">\n\n\t\t\t\t\t\t\t<div class=\"faq-block__icon faq-block__icon--line1\"><\/div>\n\n\t\t\t\t\t\t\t<div class=\"faq-block__icon faq-block__icon--line2\"><\/div>\n\n\t\t\t\t\t\t<\/div>\n\n\t\t\t\t\t<\/div>\n\n\t\t\t\t\t\n\t\t\t\t\t\t<div class=\"faq-block__answer direction\"><p>Mevcut taslaklara g\u00f6re EU Inc. \u015firketlerinin yaln\u0131zca AB vatanda\u015flar\u0131 taraf\u0131ndan kurulmas\u0131 \u00f6ng\u00f6r\u00fclmektedir. Alternatif olarak, mevcut bir AB \u015firketinin i\u015ftiraki olarak da kurulabilir. Ayr\u0131nt\u0131lar h\u00e2len m\u00fczakere edilmektedir.<\/p>\n<\/div>\n\n\t\t\t\t\t\n\t\t\t\t<\/div>\n\n\t\t\t\n\t\t\n\t<\/div>\n\n<\/div>\n","protected":false},"excerpt":{"rendered":"<p>Avrupa Komisyonu, AB\u2019nin k\u00fcresel pazardaki rekabet g\u00fcc\u00fcn\u00fc art\u0131rmak amac\u0131yla \u00e7e\u015fitli \u00e7al\u0131\u015fmalar y\u00fcr\u00fctmektedir. Bu kapsamda, mevcut 27 \u00fcye devlet sistemine ek olarak \u201c28. Rejim\u201d olarak adland\u0131r\u0131lan yeni bir kavram g\u00fcndeme gelmi\u015ftir. Bu model sayesinde AB \u015firketlerinin, kendi \u00fclkelerinde faaliyet g\u00f6sterirken ayn\u0131 zamanda EU Inc. yap\u0131s\u0131 alt\u0131nda AB pazar\u0131na daha kolay \u015fekilde a\u00e7\u0131lmas\u0131 hedeflenmektedir.<\/p>\n","protected":false},"author":8,"featured_media":58174,"comment_status":"closed","ping_status":"closed","sticky":false,"template":"","format":"standard","meta":{"_acf_changed":false,"footnotes":""},"categories":[1401,1305,1306,1307],"tags":[1498,1379,1499,1397,1500,1501],"class_list":["post-58612","post","type-post","status-publish","format-standard","has-post-thumbnail","hentry","category-is-cozumleri","category-is-gocmenligi","category-is-planlamasi","category-sirket-kurulumu","tag-affiliation","tag-business-tr","tag-it-tools","tag-lifestyle-tr","tag-regulation-change","tag-subsidiary"],"yoast_head":"<!-- This site is optimized with the Yoast SEO plugin v27.3 - https:\/\/yoast.com\/product\/yoast-seo-wordpress\/ -->\n<title>EU Inc. ve 28. Rejim, Avrupa Birli\u011fi\u2019nde i\u015f d\u00fcnyas\u0131 i\u00e7in ne ifade ediyor? - Helpers Hungary<\/title>\n<meta name=\"description\" content=\"AB A.\u015e., AB&#039;de yeni bir i\u015fletme bi\u00e7imi olacak ve AB&#039;yi daha rekabet\u00e7i hale getirecek bir \u00e7er\u00e7eve olan 28. rejimin \u015firketler hukuku aya\u011f\u0131n\u0131 olu\u015fturacakt\u0131r.\" \/>\n<meta name=\"robots\" content=\"index, follow, max-snippet:-1, max-image-preview:large, max-video-preview:-1\" \/>\n<link rel=\"canonical\" href=\"https:\/\/helpers.hu\/tr\/sirket-kurulumu\/eu-inc-ve-28-rejim-avrupa-birligi\/\" \/>\n<meta property=\"og:locale\" content=\"tr_TR\" \/>\n<meta property=\"og:type\" content=\"article\" \/>\n<meta property=\"og:title\" content=\"EU Inc. ve 28. Rejim, Avrupa Birli\u011fi\u2019nde i\u015f d\u00fcnyas\u0131 i\u00e7in ne ifade ediyor? - Helpers Hungary\" \/>\n<meta property=\"og:description\" content=\"AB A.\u015e., AB&#039;de yeni bir i\u015fletme bi\u00e7imi olacak ve AB&#039;yi daha rekabet\u00e7i hale getirecek bir \u00e7er\u00e7eve olan 28. rejimin \u015firketler hukuku aya\u011f\u0131n\u0131 olu\u015fturacakt\u0131r.\" \/>\n<meta property=\"og:url\" content=\"https:\/\/helpers.hu\/tr\/sirket-kurulumu\/eu-inc-ve-28-rejim-avrupa-birligi\/\" \/>\n<meta property=\"og:site_name\" content=\"Helpers Hungary\" \/>\n<meta property=\"article:published_time\" content=\"2026-03-25T12:08:40+00:00\" \/>\n<meta property=\"article:modified_time\" content=\"2026-04-28T09:31:25+00:00\" \/>\n<meta property=\"og:image\" content=\"https:\/\/helpers.hu\/wp-content\/uploads\/2026\/03\/eu-inc-and-28th-regime-european-company-setup.jpg\" \/>\n\t<meta property=\"og:image:width\" content=\"600\" \/>\n\t<meta property=\"og:image:height\" content=\"600\" \/>\n\t<meta property=\"og:image:type\" content=\"image\/jpeg\" \/>\n<meta name=\"author\" content=\"Zsuzsanna Sarkadi\" \/>\n<meta name=\"twitter:card\" content=\"summary_large_image\" \/>\n<meta name=\"twitter:label1\" content=\"Yazan:\" \/>\n\t<meta name=\"twitter:data1\" content=\"Zsuzsanna Sarkadi\" \/>\n\t<meta name=\"twitter:label2\" content=\"Tahmini okuma s\u00fcresi\" \/>\n\t<meta name=\"twitter:data2\" content=\"3 dakika\" \/>\n<script type=\"application\/ld+json\" class=\"yoast-schema-graph\">{\"@context\":\"https:\\\/\\\/schema.org\",\"@graph\":[{\"@type\":\"Article\",\"@id\":\"https:\\\/\\\/helpers.hu\\\/tr\\\/sirket-kurulumu\\\/eu-inc-ve-28-rejim-avrupa-birligi\\\/#article\",\"isPartOf\":{\"@id\":\"https:\\\/\\\/helpers.hu\\\/tr\\\/sirket-kurulumu\\\/eu-inc-ve-28-rejim-avrupa-birligi\\\/\"},\"author\":{\"name\":\"Zsuzsanna Sarkadi\",\"@id\":\"https:\\\/\\\/helpers.hu\\\/tr\\\/#\\\/schema\\\/person\\\/fc09f026b6e83bc10438afa6de5bd51e\"},\"headline\":\"EU Inc. ve 28. Rejim, Avrupa Birli\u011fi\u2019nde i\u015f d\u00fcnyas\u0131 i\u00e7in ne ifade ediyor?\",\"datePublished\":\"2026-03-25T12:08:40+00:00\",\"dateModified\":\"2026-04-28T09:31:25+00:00\",\"mainEntityOfPage\":{\"@id\":\"https:\\\/\\\/helpers.hu\\\/tr\\\/sirket-kurulumu\\\/eu-inc-ve-28-rejim-avrupa-birligi\\\/\"},\"wordCount\":692,\"image\":{\"@id\":\"https:\\\/\\\/helpers.hu\\\/tr\\\/sirket-kurulumu\\\/eu-inc-ve-28-rejim-avrupa-birligi\\\/#primaryimage\"},\"thumbnailUrl\":\"https:\\\/\\\/helpers.hu\\\/wp-content\\\/uploads\\\/2026\\\/03\\\/eu-inc-and-28th-regime-european-company-setup.jpg\",\"keywords\":[\"Affiliation\",\"Business\",\"IT Tools\",\"Lifestyle\",\"Regulation Change\",\"Subsidiary\"],\"articleSection\":[\"\u0130\u015f \u00c7\u00f6z\u00fcmleri\",\"\u0130\u015f G\u00f6\u00e7menli\u011fi\",\"\u0130\u015f Planlamas\u0131\",\"\u015eirket Kurulumu\"],\"inLanguage\":\"tr\"},{\"@type\":\"WebPage\",\"@id\":\"https:\\\/\\\/helpers.hu\\\/tr\\\/sirket-kurulumu\\\/eu-inc-ve-28-rejim-avrupa-birligi\\\/\",\"url\":\"https:\\\/\\\/helpers.hu\\\/tr\\\/sirket-kurulumu\\\/eu-inc-ve-28-rejim-avrupa-birligi\\\/\",\"name\":\"EU Inc. ve 28. Rejim, Avrupa Birli\u011fi\u2019nde i\u015f d\u00fcnyas\u0131 i\u00e7in ne ifade ediyor? - Helpers Hungary\",\"isPartOf\":{\"@id\":\"https:\\\/\\\/helpers.hu\\\/tr\\\/#website\"},\"primaryImageOfPage\":{\"@id\":\"https:\\\/\\\/helpers.hu\\\/tr\\\/sirket-kurulumu\\\/eu-inc-ve-28-rejim-avrupa-birligi\\\/#primaryimage\"},\"image\":{\"@id\":\"https:\\\/\\\/helpers.hu\\\/tr\\\/sirket-kurulumu\\\/eu-inc-ve-28-rejim-avrupa-birligi\\\/#primaryimage\"},\"thumbnailUrl\":\"https:\\\/\\\/helpers.hu\\\/wp-content\\\/uploads\\\/2026\\\/03\\\/eu-inc-and-28th-regime-european-company-setup.jpg\",\"datePublished\":\"2026-03-25T12:08:40+00:00\",\"dateModified\":\"2026-04-28T09:31:25+00:00\",\"author\":{\"@id\":\"https:\\\/\\\/helpers.hu\\\/tr\\\/#\\\/schema\\\/person\\\/fc09f026b6e83bc10438afa6de5bd51e\"},\"description\":\"AB A.\u015e., AB'de yeni bir i\u015fletme bi\u00e7imi olacak ve AB'yi daha rekabet\u00e7i hale getirecek bir \u00e7er\u00e7eve olan 28. rejimin \u015firketler hukuku aya\u011f\u0131n\u0131 olu\u015fturacakt\u0131r.\",\"breadcrumb\":{\"@id\":\"https:\\\/\\\/helpers.hu\\\/tr\\\/sirket-kurulumu\\\/eu-inc-ve-28-rejim-avrupa-birligi\\\/#breadcrumb\"},\"inLanguage\":\"tr\",\"potentialAction\":[{\"@type\":\"ReadAction\",\"target\":[\"https:\\\/\\\/helpers.hu\\\/tr\\\/sirket-kurulumu\\\/eu-inc-ve-28-rejim-avrupa-birligi\\\/\"]}]},{\"@type\":\"ImageObject\",\"inLanguage\":\"tr\",\"@id\":\"https:\\\/\\\/helpers.hu\\\/tr\\\/sirket-kurulumu\\\/eu-inc-ve-28-rejim-avrupa-birligi\\\/#primaryimage\",\"url\":\"https:\\\/\\\/helpers.hu\\\/wp-content\\\/uploads\\\/2026\\\/03\\\/eu-inc-and-28th-regime-european-company-setup.jpg\",\"contentUrl\":\"https:\\\/\\\/helpers.hu\\\/wp-content\\\/uploads\\\/2026\\\/03\\\/eu-inc-and-28th-regime-european-company-setup.jpg\",\"width\":600,\"height\":600,\"caption\":\"What do EU Inc. and the 28th regime mean for business in the EU?\"},{\"@type\":\"BreadcrumbList\",\"@id\":\"https:\\\/\\\/helpers.hu\\\/tr\\\/sirket-kurulumu\\\/eu-inc-ve-28-rejim-avrupa-birligi\\\/#breadcrumb\",\"itemListElement\":[{\"@type\":\"ListItem\",\"position\":1,\"name\":\"Home\",\"item\":\"https:\\\/\\\/helpers.hu\\\/tr\\\/\"},{\"@type\":\"ListItem\",\"position\":2,\"name\":\"EU Inc. ve 28. Rejim, Avrupa Birli\u011fi\u2019nde i\u015f d\u00fcnyas\u0131 i\u00e7in ne ifade ediyor?\"}]},{\"@type\":\"WebSite\",\"@id\":\"https:\\\/\\\/helpers.hu\\\/tr\\\/#website\",\"url\":\"https:\\\/\\\/helpers.hu\\\/tr\\\/\",\"name\":\"Helpers Hungary\",\"description\":\"\",\"potentialAction\":[{\"@type\":\"SearchAction\",\"target\":{\"@type\":\"EntryPoint\",\"urlTemplate\":\"https:\\\/\\\/helpers.hu\\\/tr\\\/?s={search_term_string}\"},\"query-input\":{\"@type\":\"PropertyValueSpecification\",\"valueRequired\":true,\"valueName\":\"search_term_string\"}}],\"inLanguage\":\"tr\"},{\"@type\":\"Person\",\"@id\":\"https:\\\/\\\/helpers.hu\\\/tr\\\/#\\\/schema\\\/person\\\/fc09f026b6e83bc10438afa6de5bd51e\",\"name\":\"Zsuzsanna Sarkadi\",\"image\":{\"@type\":\"ImageObject\",\"inLanguage\":\"tr\",\"@id\":\"https:\\\/\\\/secure.gravatar.com\\\/avatar\\\/8cb74274ce99c3e200c1b55bf4a1b75827971a591b54f9e81b0b537a5a4c9ed7?s=96&d=mm&r=g\",\"url\":\"https:\\\/\\\/secure.gravatar.com\\\/avatar\\\/8cb74274ce99c3e200c1b55bf4a1b75827971a591b54f9e81b0b537a5a4c9ed7?s=96&d=mm&r=g\",\"contentUrl\":\"https:\\\/\\\/secure.gravatar.com\\\/avatar\\\/8cb74274ce99c3e200c1b55bf4a1b75827971a591b54f9e81b0b537a5a4c9ed7?s=96&d=mm&r=g\",\"caption\":\"Zsuzsanna Sarkadi\"}}]}<\/script>\n<!-- \/ Yoast SEO plugin. -->","yoast_head_json":{"title":"EU Inc. ve 28. Rejim, Avrupa Birli\u011fi\u2019nde i\u015f d\u00fcnyas\u0131 i\u00e7in ne ifade ediyor? - Helpers Hungary","description":"AB A.\u015e., AB'de yeni bir i\u015fletme bi\u00e7imi olacak ve AB'yi daha rekabet\u00e7i hale getirecek bir \u00e7er\u00e7eve olan 28. rejimin \u015firketler hukuku aya\u011f\u0131n\u0131 olu\u015fturacakt\u0131r.","robots":{"index":"index","follow":"follow","max-snippet":"max-snippet:-1","max-image-preview":"max-image-preview:large","max-video-preview":"max-video-preview:-1"},"canonical":"https:\/\/helpers.hu\/tr\/sirket-kurulumu\/eu-inc-ve-28-rejim-avrupa-birligi\/","og_locale":"tr_TR","og_type":"article","og_title":"EU Inc. ve 28. Rejim, Avrupa Birli\u011fi\u2019nde i\u015f d\u00fcnyas\u0131 i\u00e7in ne ifade ediyor? - Helpers Hungary","og_description":"AB A.\u015e., AB'de yeni bir i\u015fletme bi\u00e7imi olacak ve AB'yi daha rekabet\u00e7i hale getirecek bir \u00e7er\u00e7eve olan 28. rejimin \u015firketler hukuku aya\u011f\u0131n\u0131 olu\u015fturacakt\u0131r.","og_url":"https:\/\/helpers.hu\/tr\/sirket-kurulumu\/eu-inc-ve-28-rejim-avrupa-birligi\/","og_site_name":"Helpers Hungary","article_published_time":"2026-03-25T12:08:40+00:00","article_modified_time":"2026-04-28T09:31:25+00:00","og_image":[{"width":600,"height":600,"url":"https:\/\/helpers.hu\/wp-content\/uploads\/2026\/03\/eu-inc-and-28th-regime-european-company-setup.jpg","type":"image\/jpeg"}],"author":"Zsuzsanna Sarkadi","twitter_card":"summary_large_image","twitter_misc":{"Yazan:":"Zsuzsanna Sarkadi","Tahmini okuma s\u00fcresi":"3 dakika"},"schema":{"@context":"https:\/\/schema.org","@graph":[{"@type":"Article","@id":"https:\/\/helpers.hu\/tr\/sirket-kurulumu\/eu-inc-ve-28-rejim-avrupa-birligi\/#article","isPartOf":{"@id":"https:\/\/helpers.hu\/tr\/sirket-kurulumu\/eu-inc-ve-28-rejim-avrupa-birligi\/"},"author":{"name":"Zsuzsanna Sarkadi","@id":"https:\/\/helpers.hu\/tr\/#\/schema\/person\/fc09f026b6e83bc10438afa6de5bd51e"},"headline":"EU Inc. ve 28. Rejim, Avrupa Birli\u011fi\u2019nde i\u015f d\u00fcnyas\u0131 i\u00e7in ne ifade ediyor?","datePublished":"2026-03-25T12:08:40+00:00","dateModified":"2026-04-28T09:31:25+00:00","mainEntityOfPage":{"@id":"https:\/\/helpers.hu\/tr\/sirket-kurulumu\/eu-inc-ve-28-rejim-avrupa-birligi\/"},"wordCount":692,"image":{"@id":"https:\/\/helpers.hu\/tr\/sirket-kurulumu\/eu-inc-ve-28-rejim-avrupa-birligi\/#primaryimage"},"thumbnailUrl":"https:\/\/helpers.hu\/wp-content\/uploads\/2026\/03\/eu-inc-and-28th-regime-european-company-setup.jpg","keywords":["Affiliation","Business","IT Tools","Lifestyle","Regulation Change","Subsidiary"],"articleSection":["\u0130\u015f \u00c7\u00f6z\u00fcmleri","\u0130\u015f G\u00f6\u00e7menli\u011fi","\u0130\u015f Planlamas\u0131","\u015eirket Kurulumu"],"inLanguage":"tr"},{"@type":"WebPage","@id":"https:\/\/helpers.hu\/tr\/sirket-kurulumu\/eu-inc-ve-28-rejim-avrupa-birligi\/","url":"https:\/\/helpers.hu\/tr\/sirket-kurulumu\/eu-inc-ve-28-rejim-avrupa-birligi\/","name":"EU Inc. ve 28. Rejim, Avrupa Birli\u011fi\u2019nde i\u015f d\u00fcnyas\u0131 i\u00e7in ne ifade ediyor? - Helpers Hungary","isPartOf":{"@id":"https:\/\/helpers.hu\/tr\/#website"},"primaryImageOfPage":{"@id":"https:\/\/helpers.hu\/tr\/sirket-kurulumu\/eu-inc-ve-28-rejim-avrupa-birligi\/#primaryimage"},"image":{"@id":"https:\/\/helpers.hu\/tr\/sirket-kurulumu\/eu-inc-ve-28-rejim-avrupa-birligi\/#primaryimage"},"thumbnailUrl":"https:\/\/helpers.hu\/wp-content\/uploads\/2026\/03\/eu-inc-and-28th-regime-european-company-setup.jpg","datePublished":"2026-03-25T12:08:40+00:00","dateModified":"2026-04-28T09:31:25+00:00","author":{"@id":"https:\/\/helpers.hu\/tr\/#\/schema\/person\/fc09f026b6e83bc10438afa6de5bd51e"},"description":"AB A.\u015e., AB'de yeni bir i\u015fletme bi\u00e7imi olacak ve AB'yi daha rekabet\u00e7i hale getirecek bir \u00e7er\u00e7eve olan 28. rejimin \u015firketler hukuku aya\u011f\u0131n\u0131 olu\u015fturacakt\u0131r.","breadcrumb":{"@id":"https:\/\/helpers.hu\/tr\/sirket-kurulumu\/eu-inc-ve-28-rejim-avrupa-birligi\/#breadcrumb"},"inLanguage":"tr","potentialAction":[{"@type":"ReadAction","target":["https:\/\/helpers.hu\/tr\/sirket-kurulumu\/eu-inc-ve-28-rejim-avrupa-birligi\/"]}]},{"@type":"ImageObject","inLanguage":"tr","@id":"https:\/\/helpers.hu\/tr\/sirket-kurulumu\/eu-inc-ve-28-rejim-avrupa-birligi\/#primaryimage","url":"https:\/\/helpers.hu\/wp-content\/uploads\/2026\/03\/eu-inc-and-28th-regime-european-company-setup.jpg","contentUrl":"https:\/\/helpers.hu\/wp-content\/uploads\/2026\/03\/eu-inc-and-28th-regime-european-company-setup.jpg","width":600,"height":600,"caption":"What do EU Inc. and the 28th regime mean for business in the EU?"},{"@type":"BreadcrumbList","@id":"https:\/\/helpers.hu\/tr\/sirket-kurulumu\/eu-inc-ve-28-rejim-avrupa-birligi\/#breadcrumb","itemListElement":[{"@type":"ListItem","position":1,"name":"Home","item":"https:\/\/helpers.hu\/tr\/"},{"@type":"ListItem","position":2,"name":"EU Inc. ve 28. Rejim, Avrupa Birli\u011fi\u2019nde i\u015f d\u00fcnyas\u0131 i\u00e7in ne ifade ediyor?"}]},{"@type":"WebSite","@id":"https:\/\/helpers.hu\/tr\/#website","url":"https:\/\/helpers.hu\/tr\/","name":"Helpers Hungary","description":"","potentialAction":[{"@type":"SearchAction","target":{"@type":"EntryPoint","urlTemplate":"https:\/\/helpers.hu\/tr\/?s={search_term_string}"},"query-input":{"@type":"PropertyValueSpecification","valueRequired":true,"valueName":"search_term_string"}}],"inLanguage":"tr"},{"@type":"Person","@id":"https:\/\/helpers.hu\/tr\/#\/schema\/person\/fc09f026b6e83bc10438afa6de5bd51e","name":"Zsuzsanna Sarkadi","image":{"@type":"ImageObject","inLanguage":"tr","@id":"https:\/\/secure.gravatar.com\/avatar\/8cb74274ce99c3e200c1b55bf4a1b75827971a591b54f9e81b0b537a5a4c9ed7?s=96&d=mm&r=g","url":"https:\/\/secure.gravatar.com\/avatar\/8cb74274ce99c3e200c1b55bf4a1b75827971a591b54f9e81b0b537a5a4c9ed7?s=96&d=mm&r=g","contentUrl":"https:\/\/secure.gravatar.com\/avatar\/8cb74274ce99c3e200c1b55bf4a1b75827971a591b54f9e81b0b537a5a4c9ed7?s=96&d=mm&r=g","caption":"Zsuzsanna Sarkadi"}}]}},"acf":[],"_links":{"self":[{"href":"https:\/\/helpers.hu\/tr\/wp-json\/wp\/v2\/posts\/58612","targetHints":{"allow":["GET"]}}],"collection":[{"href":"https:\/\/helpers.hu\/tr\/wp-json\/wp\/v2\/posts"}],"about":[{"href":"https:\/\/helpers.hu\/tr\/wp-json\/wp\/v2\/types\/post"}],"author":[{"embeddable":true,"href":"https:\/\/helpers.hu\/tr\/wp-json\/wp\/v2\/users\/8"}],"replies":[{"embeddable":true,"href":"https:\/\/helpers.hu\/tr\/wp-json\/wp\/v2\/comments?post=58612"}],"version-history":[{"count":2,"href":"https:\/\/helpers.hu\/tr\/wp-json\/wp\/v2\/posts\/58612\/revisions"}],"predecessor-version":[{"id":58623,"href":"https:\/\/helpers.hu\/tr\/wp-json\/wp\/v2\/posts\/58612\/revisions\/58623"}],"wp:featuredmedia":[{"embeddable":true,"href":"https:\/\/helpers.hu\/tr\/wp-json\/wp\/v2\/media\/58174"}],"wp:attachment":[{"href":"https:\/\/helpers.hu\/tr\/wp-json\/wp\/v2\/media?parent=58612"}],"wp:term":[{"taxonomy":"category","embeddable":true,"href":"https:\/\/helpers.hu\/tr\/wp-json\/wp\/v2\/categories?post=58612"},{"taxonomy":"post_tag","embeddable":true,"href":"https:\/\/helpers.hu\/tr\/wp-json\/wp\/v2\/tags?post=58612"}],"curies":[{"name":"wp","href":"https:\/\/api.w.org\/{rel}","templated":true}]}}